{"id":98089,"date":"2023-01-23T16:08:28","date_gmt":"2023-01-23T14:08:28","guid":{"rendered":"https:\/\/museuciencies.cat\/desigualdad-una-historia-genetica\/"},"modified":"2023-01-24T13:58:38","modified_gmt":"2023-01-24T11:58:38","slug":"desigualdad-una-historia-genetica","status":"publish","type":"post","link":"https:\/\/museuciencies.cat\/es\/desigualdad-una-historia-genetica\/","title":{"rendered":"Desigualdad: una historia gen\u00e8tica"},"content":{"rendered":"<p><b>\u201cDesigualdad: una historia gen\u00e9tica\u201d \/ Carles Lalueza-Fox. Barcelona: Cr\u00edtica, 2023. (Drakontos). 227 p. ISBN 9788491994756<\/b><\/p>\n<p><img loading=\"lazy\" decoding=\"async\" data-attachment-id=\"97861\" data-permalink=\"https:\/\/museuciencies.cat\/es\/?attachment_id=97861\" data-orig-file=\"https:\/\/museuciencies.cat\/wp-content\/uploads\/2023\/01\/Llibredesigualtat.jpg\" data-orig-size=\"611,762\" data-comments-opened=\"0\" data-image-meta=\"{&quot;aperture&quot;:&quot;0&quot;,&quot;credit&quot;:&quot;&quot;,&quot;camera&quot;:&quot;&quot;,&quot;caption&quot;:&quot;&quot;,&quot;created_timestamp&quot;:&quot;0&quot;,&quot;copyright&quot;:&quot;&quot;,&quot;focal_length&quot;:&quot;0&quot;,&quot;iso&quot;:&quot;0&quot;,&quot;shutter_speed&quot;:&quot;0&quot;,&quot;title&quot;:&quot;&quot;,&quot;orientation&quot;:&quot;0&quot;}\" data-image-title=\"Llibredesigualtat\" data-image-description=\"\" data-image-caption=\"\" data-medium-file=\"https:\/\/museuciencies.cat\/wp-content\/uploads\/2023\/01\/Llibredesigualtat-493x615.jpg\" data-large-file=\"https:\/\/museuciencies.cat\/wp-content\/uploads\/2023\/01\/Llibredesigualtat.jpg\" class=\"aligncenter size-medium wp-image-97861\" src=\"https:\/\/museuciencies.cat\/wp-content\/uploads\/2023\/01\/Llibredesigualtat-493x615.jpg\" alt=\"\" width=\"493\" height=\"615\" srcset=\"https:\/\/museuciencies.cat\/wp-content\/uploads\/2023\/01\/Llibredesigualtat-493x615.jpg 493w, https:\/\/museuciencies.cat\/wp-content\/uploads\/2023\/01\/Llibredesigualtat.jpg 611w\" sizes=\"auto, (max-width: 493px) 100vw, 493px\" \/><\/p>\n<p>&nbsp;<\/p>\n<p>La desigualdad, fen\u00f3meno a menudo mezclado con la injusticia econ\u00f3mica, es objetivo de cada vez m\u00e1s estudios y debates, y surgen muchas preguntas al respecto. \u00bfHa existido desde siempre? \u00bfContinuar\u00e1 existiendo? \u00bfC\u00f3mo afecta la cuesti\u00f3n del g\u00e9nero? Y sobre todo, \u00bfhasta qu\u00e9 punto los modelos sociales marcados por la desigualdad han alterado la estructura gen\u00e9tica de las poblaciones humanas? Encontrar\u00e9is respuestas a la luz de la paleogen\u00e9tica a lo largo de este viaje por la historia, la arqueolog\u00eda, la sociedad, la econom\u00eda, la ling\u00fc\u00edstica, e incluso por la filosof\u00eda. Ver\u00e9is desfilar a Plat\u00f3n, Bacon, Fourier, Hobbes, Rousseau, Gengis Khan, Thomas Jefferson, los Habsburgo, los amish\u2026<\/p>\n<p>Esta edici\u00f3n es una traducci\u00f3n al castellano del original publicado en ingl\u00e9s por el prestigioso MIT (\u201cInequality: a genetic history\u201d). Se trata de una entretenida y cautivadora obra divulgativa, no por ello menos rigurosa: contiene m\u00e1s de 300 referencias bibliogr\u00e1ficas, gran parte de las cuales son publicaciones en revistas de prestigio de diversas disciplinas, revisadas con ojo cr\u00edtico.<\/p>\n<p>El autor, <strong>Carles Lalueza-Fox<\/strong>, paleogenetista de renombre internacional, es director del Museo de Ciencias Naturales de Barcelona e investigador del <a href=\"https:\/\/www.ibe.upf-csic.es\/ca\/\" target=\"_blank\" rel=\"noopener\">nstitut de Biologia Evolutiva (CSIC)<\/a>. Este libro, junto con otros suyos como \u201cMissatges del passat\u201d, \u201cEl bestiari extingit\u201d, \u201cRazas, racismo y diversidad\u201d, \u201cPalabras en el tiempo\u201d, \u201cLa forja gen\u00e9tica de Europa\u201d, \u201cDes-extinciones\u201d y \u201cEl color sota la pell\u201d, est\u00e1n disponibles en el <a href=\"https:\/\/museuciencies.cat\/es\/area-cientifica\/centro-de-documentacion\/presentacion\/\" target=\"_blank\" rel=\"noopener\">Centro de Documentaci\u00f3n del Museo<\/a>.<\/p>\n<p>&nbsp;<\/p>\n","protected":false},"excerpt":{"rendered":"<p>\u201cDesigualdad: una historia gen\u00e9tica\u201d \/ Carles Lalueza-Fox. Barcelona: Cr\u00edtica, 2023. (Drakontos). 227 p. ISBN 9788491994756 &nbsp; La desigualdad, fen\u00f3meno a menudo mezclado con la injusticia econ\u00f3mica, es objetivo de cada vez m\u00e1s estudios y debates, y surgen muchas preguntas al respecto. \u00bfHa existido desde siempre? \u00bfContinuar\u00e1 existiendo? \u00bfC\u00f3mo afecta la cuesti\u00f3n del g\u00e9nero? Y sobre [&hellip;]<\/p>\n","protected":false},"author":2,"featured_media":0,"comment_status":"closed","ping_status":"closed","sticky":false,"template":"","format":"standard","meta":{"_acf_changed":false,"_jetpack_memberships_contains_paid_content":false,"footnotes":""},"categories":[3358],"tags":[3550,952,3551,3552,3553],"class_list":["post-98089","post","type-post","status-publish","format-standard","hentry","category-el-llibre-del-mes-es","tag-arqeuologia-es","tag-colleccions-es","tag-desigualtat-es","tag-evolucio-es","tag-paleogeneica-es"],"acf":{"destacat_portada":false,"presentacio_socials":[],"publicar_al_quiosc":true,"segona_part":"","tambe_us_pot_interessar":"","img_cap":97863,"presenta_peu":false,"imatge_llistat":false,"nou_carrusel":false,"boto_de_link_o_mail":false,"arxius_adjunts":false,"links_associats":false,"presenta_fills":"no","activeu_alerta":false,"text_alerta":""},"jetpack_featured_media_url":"","jetpack_sharing_enabled":true,"_links":{"self":[{"href":"https:\/\/museuciencies.cat\/es\/wp-json\/wp\/v2\/posts\/98089","targetHints":{"allow":["GET"]}}],"collection":[{"href":"https:\/\/museuciencies.cat\/es\/wp-json\/wp\/v2\/posts"}],"about":[{"href":"https:\/\/museuciencies.cat\/es\/wp-json\/wp\/v2\/types\/post"}],"author":[{"embeddable":true,"href":"https:\/\/museuciencies.cat\/es\/wp-json\/wp\/v2\/users\/2"}],"replies":[{"embeddable":true,"href":"https:\/\/museuciencies.cat\/es\/wp-json\/wp\/v2\/comments?post=98089"}],"version-history":[{"count":0,"href":"https:\/\/museuciencies.cat\/es\/wp-json\/wp\/v2\/posts\/98089\/revisions"}],"wp:attachment":[{"href":"https:\/\/museuciencies.cat\/es\/wp-json\/wp\/v2\/media?parent=98089"}],"wp:term":[{"taxonomy":"category","embeddable":true,"href":"https:\/\/museuciencies.cat\/es\/wp-json\/wp\/v2\/categories?post=98089"},{"taxonomy":"post_tag","embeddable":true,"href":"https:\/\/museuciencies.cat\/es\/wp-json\/wp\/v2\/tags?post=98089"}],"curies":[{"name":"wp","href":"https:\/\/api.w.org\/{rel}","templated":true}]}}