{"id":95586,"date":"2022-12-13T14:36:37","date_gmt":"2022-12-13T12:36:37","guid":{"rendered":"https:\/\/museuciencies.cat\/?p=95586"},"modified":"2022-12-13T14:44:53","modified_gmt":"2022-12-13T12:44:53","slug":"festuca-dertosensis-pyke-l-saez-holotipo-de-una-nueva-especie-de-planta","status":"publish","type":"post","link":"https:\/\/museuciencies.cat\/es\/festuca-dertosensis-pyke-l-saez-holotipo-de-una-nueva-especie-de-planta\/","title":{"rendered":"<i>Festuca dertosensis<\/i> Pyke &#038; L. S\u00e1ez, holotipo de una nueva especie de planta"},"content":{"rendered":"<p>Esta nueva especie fue publicada por <strong>Samuel Pyke y Lloren\u00e7 S\u00e1ez<\/strong> en 2016 en la revista\u00a0<a href=\"https:\/\/bioone.org\/journals\/willdenowia\/volume-46\/issue-3\/wi.46.46305\/Festuca-dertosensis-Poaceae-an-overlooked-fescue-from-the-NE-Iberian\/10.3372\/wi.46.46305.full\" target=\"_blank\" rel=\"noopener\"><em>Willdenowia<\/em><\/a> a partir de unas muestras recolectadas en Portell de Caro (Roquetes).<\/p>\n<p>Esta planta se encuentra en los Ports de Beseit y monta\u00f1as cercanas, presenta caracteres intermedios con otras gram\u00edneas del mismo g\u00e9nero descritas de la zona y tiene la particularidad de tener un n\u00famero cromos\u00f3mico distinto de \u00e9stas (<strong>2n = 70<\/strong>).<\/p>\n<p>Tal y como se indica en la publicaci\u00f3n donde se describi\u00f3, el holotipo de esta nueva especie est\u00e1 conservado en el\u00a0 <a href=\"https:\/\/www.ibb.csic.es\/herbarioBC\/catalogo-tipos-pliego.php?nherbario=879690&amp;adic=1\" target=\"_blank\" rel=\"noopener\"><strong>herbario BC<\/strong><\/a> \u00a0y se conserva un duplicado (isotipo) en el herbario de JACA. Adem\u00e1s, los dibujos de los cortes transversales de las hojas que se realizaron en la muestra conservada del herbario BC tambi\u00e9n se han incluido en la publicaci\u00f3n.<\/p>\n<div id=\"attachment_95634\" style=\"width: 413px\" class=\"wp-caption aligncenter\"><img loading=\"lazy\" decoding=\"async\" aria-describedby=\"caption-attachment-95634\" data-attachment-id=\"95634\" data-permalink=\"https:\/\/museuciencies.cat\/es\/festuca-dertosensis-pyke-l-saez-holotipo-de-una-nueva-especie-de-planta\/bc879690-4\/\" data-orig-file=\"https:\/\/museuciencies.cat\/wp-content\/uploads\/2022\/12\/BC879690-6.jpg\" data-orig-size=\"1500,2291\" data-comments-opened=\"0\" data-image-meta=\"{&quot;aperture&quot;:&quot;0&quot;,&quot;credit&quot;:&quot;&quot;,&quot;camera&quot;:&quot;&quot;,&quot;caption&quot;:&quot;&quot;,&quot;created_timestamp&quot;:&quot;0&quot;,&quot;copyright&quot;:&quot;&quot;,&quot;focal_length&quot;:&quot;0&quot;,&quot;iso&quot;:&quot;0&quot;,&quot;shutter_speed&quot;:&quot;0&quot;,&quot;title&quot;:&quot;&quot;,&quot;orientation&quot;:&quot;0&quot;}\" data-image-title=\"BC879690\" data-image-description=\"\" data-image-caption=\"&lt;p&gt;Festuca dertosensis Pyke &#038; L. S\u00e1ez&lt;\/p&gt;\n\" data-medium-file=\"https:\/\/museuciencies.cat\/wp-content\/uploads\/2022\/12\/BC879690-6-403x615.jpg\" data-large-file=\"https:\/\/museuciencies.cat\/wp-content\/uploads\/2022\/12\/BC879690-6-670x1024.jpg\" class=\"size-medium wp-image-95634\" src=\"https:\/\/museuciencies.cat\/wp-content\/uploads\/2022\/12\/BC879690-6-403x615.jpg\" alt=\"\" width=\"403\" height=\"615\" srcset=\"https:\/\/museuciencies.cat\/wp-content\/uploads\/2022\/12\/BC879690-6-403x615.jpg 403w, https:\/\/museuciencies.cat\/wp-content\/uploads\/2022\/12\/BC879690-6-670x1024.jpg 670w, https:\/\/museuciencies.cat\/wp-content\/uploads\/2022\/12\/BC879690-6-768x1173.jpg 768w, https:\/\/museuciencies.cat\/wp-content\/uploads\/2022\/12\/BC879690-6-1006x1536.jpg 1006w, https:\/\/museuciencies.cat\/wp-content\/uploads\/2022\/12\/BC879690-6-1341x2048.jpg 1341w, https:\/\/museuciencies.cat\/wp-content\/uploads\/2022\/12\/BC879690-6.jpg 1500w\" sizes=\"auto, (max-width: 403px) 100vw, 403px\" \/><p id=\"caption-attachment-95634\" class=\"wp-caption-text\">Festuca dertosensis Pyke &amp; L. S\u00e1ez<\/p><\/div>\n<p>M\u00e1s informaci\u00f3n en este <a href=\"https:\/\/bioone.org\/journals\/willdenowia\/volume-46\/issue-3\/wi.46.46305\/Festuca-dertosensis-Poaceae-an-overlooked-fescue-from-the-NE-Iberian\/10.3372\/wi.46.46305.full\" target=\"_blank\" rel=\"noopener\">enlace<\/a><\/p>\n","protected":false},"excerpt":{"rendered":"<p>Esta nueva especie fue publicada por Samuel Pyke y Lloren\u00e7 S\u00e1ez en 2016 en la revista\u00a0Willdenowia a partir de unas muestras recolectadas en Portell de Caro (Roquetes). Esta planta se encuentra en los Ports de Beseit y monta\u00f1as cercanas, presenta caracteres intermedios con otras gram\u00edneas del mismo g\u00e9nero descritas de la zona y tiene la [&hellip;]<\/p>\n","protected":false},"author":2,"featured_media":0,"comment_status":"closed","ping_status":"closed","sticky":false,"template":"","format":"standard","meta":{"_acf_changed":false,"_jetpack_memberships_contains_paid_content":false,"footnotes":""},"categories":[3527],"tags":[],"class_list":["post-95586","post","type-post","status-publish","format-standard","hentry","category-tipos-mcnb"],"acf":{"destacat_portada":true,"tambe_us_pot_interessar":"","img_cap":95588,"presenta_peu":false,"imatge_llistat":false,"nou_carrusel":false,"boto_de_link_o_mail":false,"arxius_adjunts":false,"links_associats":false,"presenta_fills":"no","activeu_alerta":false,"text_alerta":""},"jetpack_featured_media_url":"","jetpack_sharing_enabled":true,"_links":{"self":[{"href":"https:\/\/museuciencies.cat\/es\/wp-json\/wp\/v2\/posts\/95586","targetHints":{"allow":["GET"]}}],"collection":[{"href":"https:\/\/museuciencies.cat\/es\/wp-json\/wp\/v2\/posts"}],"about":[{"href":"https:\/\/museuciencies.cat\/es\/wp-json\/wp\/v2\/types\/post"}],"author":[{"embeddable":true,"href":"https:\/\/museuciencies.cat\/es\/wp-json\/wp\/v2\/users\/2"}],"replies":[{"embeddable":true,"href":"https:\/\/museuciencies.cat\/es\/wp-json\/wp\/v2\/comments?post=95586"}],"version-history":[{"count":0,"href":"https:\/\/museuciencies.cat\/es\/wp-json\/wp\/v2\/posts\/95586\/revisions"}],"wp:attachment":[{"href":"https:\/\/museuciencies.cat\/es\/wp-json\/wp\/v2\/media?parent=95586"}],"wp:term":[{"taxonomy":"category","embeddable":true,"href":"https:\/\/museuciencies.cat\/es\/wp-json\/wp\/v2\/categories?post=95586"},{"taxonomy":"post_tag","embeddable":true,"href":"https:\/\/museuciencies.cat\/es\/wp-json\/wp\/v2\/tags?post=95586"}],"curies":[{"name":"wp","href":"https:\/\/api.w.org\/{rel}","templated":true}]}}