{"id":90838,"date":"2022-06-03T09:25:29","date_gmt":"2022-06-03T07:25:29","guid":{"rendered":"https:\/\/museuciencies.cat\/10-idees-per-salvar-el-planeta\/"},"modified":"2022-06-03T09:28:19","modified_gmt":"2022-06-03T07:28:19","slug":"10-idees-per-salvar-el-planeta","status":"publish","type":"post","link":"https:\/\/museuciencies.cat\/es\/10-idees-per-salvar-el-planeta\/","title":{"rendered":"10 ideas para salvar el Planeta"},"content":{"rendered":"<p><strong>10 idees per salvar el planeta \/ Ilustraciones de Clarissa Corradin ; textos d&#8217;Eleonora Fornasari. Barcelona: Animallibres, 2021. 39 p. ISBN 9788418592300<\/strong><\/p>\n<p><img loading=\"lazy\" decoding=\"async\" data-attachment-id=\"90832\" data-permalink=\"https:\/\/museuciencies.cat\/es\/10-idees-per-salvar-el-planeta\/9788418592300-2\/\" data-orig-file=\"https:\/\/museuciencies.cat\/wp-content\/uploads\/2022\/06\/9788418592300.jpg\" data-orig-size=\"229,279\" data-comments-opened=\"0\" data-image-meta=\"{&quot;aperture&quot;:&quot;0&quot;,&quot;credit&quot;:&quot;&quot;,&quot;camera&quot;:&quot;&quot;,&quot;caption&quot;:&quot;&quot;,&quot;created_timestamp&quot;:&quot;0&quot;,&quot;copyright&quot;:&quot;&quot;,&quot;focal_length&quot;:&quot;0&quot;,&quot;iso&quot;:&quot;0&quot;,&quot;shutter_speed&quot;:&quot;0&quot;,&quot;title&quot;:&quot;&quot;,&quot;orientation&quot;:&quot;0&quot;}\" data-image-title=\"9788418592300\" data-image-description=\"\" data-image-caption=\"\" data-medium-file=\"https:\/\/museuciencies.cat\/wp-content\/uploads\/2022\/06\/9788418592300.jpg\" data-large-file=\"https:\/\/museuciencies.cat\/wp-content\/uploads\/2022\/06\/9788418592300.jpg\" class=\"aligncenter size-full wp-image-90832\" src=\"https:\/\/museuciencies.cat\/wp-content\/uploads\/2022\/06\/9788418592300.jpg\" alt=\"Portada del Llibre &quot;10 idees per salvar el Planeta&quot;\" width=\"229\" height=\"279\" \/><\/p>\n<p>Sabemos que cada a\u00f1o se arrojan al mar ocho millones de toneladas de pl\u00e1sticos, que cada vez hay menos abejas y que seguimos contaminando el aire que respiramos, pero \u00bfqu\u00e9 pueden hacer los ni\u00f1os y las ni\u00f1as para combatirlo, si no tienen medios ni poder para cambiar la estructura econ\u00f3mica ni social de este mundo?<\/p>\n<p>Las claves son la informaci\u00f3n, la escucha activa y la movilizaci\u00f3n, y en este libro las encontramos en diez acciones sencillas para realizar, en nuestro d\u00eda a d\u00eda, tanto para el adulto como para el ni\u00f1o y la ni\u00f1a. En cada punto, se explica tambi\u00e9n el motivo de la acci\u00f3n, las herramientas para alcanzar el objetivo y las curiosidades que le rodean, acompa\u00f1ado de las ilustraciones frescas y positivas de Clarissa Corradin.<\/p>\n<p>Libro recomendado para que los m\u00e1s peque\u00f1os de la casa empiecen a entender que este mundo global les pertenece, que los peque\u00f1os cambios suman, y que deben movilizarse en temas tan importantes como la transici\u00f3n ecol\u00f3gica, la emergencia clim\u00e1tica y la crisis ecosocial.<\/p>\n<p>Si queremos que los adolescentes se impliquen en la sociedad, qu\u00e9 mejor que acompa\u00f1arles ahora, en este camino de la infancia a la juventud, leyendo conjuntamente este libro que tenemos en la <a href=\"https:\/\/museuciencies.cat\/es\/area-cientifica\/centro-de-documentacion\/presentacion\/mediateca\/\" target=\"_blank\" rel=\"noopener\">Mediateca<\/a> para la consulta y el pr\u00e9stamo.<\/p>\n","protected":false},"excerpt":{"rendered":"<p>10 idees per salvar el planeta \/ Ilustraciones de Clarissa Corradin ; textos d&#8217;Eleonora Fornasari. Barcelona: Animallibres, 2021. 39 p. ISBN 9788418592300 Sabemos que cada a\u00f1o se arrojan al mar ocho millones de toneladas de pl\u00e1sticos, que cada vez hay menos abejas y que seguimos contaminando el aire que respiramos, pero \u00bfqu\u00e9 pueden hacer los [&hellip;]<\/p>\n","protected":false},"author":2,"featured_media":0,"comment_status":"closed","ping_status":"closed","sticky":false,"template":"","format":"standard","meta":{"_acf_changed":false,"_jetpack_memberships_contains_paid_content":false,"footnotes":""},"categories":[3358],"tags":[3467,2360],"class_list":["post-90838","post","type-post","status-publish","format-standard","hentry","category-el-llibre-del-mes-es","tag-dia-mundial-medi-ambient-es","tag-llibres-es"],"acf":{"destacat_portada":false,"presentacio_socials":[],"publicar_al_quiosc":true,"tambe_us_pot_interessar":"","img_cap":66222,"presenta_peu":false,"imatge_llistat":false,"nou_carrusel":false,"boto_de_link_o_mail":false,"arxius_adjunts":false,"links_associats":false,"presenta_fills":"no","activeu_alerta":false,"text_alerta":""},"jetpack_featured_media_url":"","jetpack_sharing_enabled":true,"_links":{"self":[{"href":"https:\/\/museuciencies.cat\/es\/wp-json\/wp\/v2\/posts\/90838","targetHints":{"allow":["GET"]}}],"collection":[{"href":"https:\/\/museuciencies.cat\/es\/wp-json\/wp\/v2\/posts"}],"about":[{"href":"https:\/\/museuciencies.cat\/es\/wp-json\/wp\/v2\/types\/post"}],"author":[{"embeddable":true,"href":"https:\/\/museuciencies.cat\/es\/wp-json\/wp\/v2\/users\/2"}],"replies":[{"embeddable":true,"href":"https:\/\/museuciencies.cat\/es\/wp-json\/wp\/v2\/comments?post=90838"}],"version-history":[{"count":0,"href":"https:\/\/museuciencies.cat\/es\/wp-json\/wp\/v2\/posts\/90838\/revisions"}],"wp:attachment":[{"href":"https:\/\/museuciencies.cat\/es\/wp-json\/wp\/v2\/media?parent=90838"}],"wp:term":[{"taxonomy":"category","embeddable":true,"href":"https:\/\/museuciencies.cat\/es\/wp-json\/wp\/v2\/categories?post=90838"},{"taxonomy":"post_tag","embeddable":true,"href":"https:\/\/museuciencies.cat\/es\/wp-json\/wp\/v2\/tags?post=90838"}],"curies":[{"name":"wp","href":"https:\/\/api.w.org\/{rel}","templated":true}]}}