{"id":90644,"date":"2022-05-23T20:27:41","date_gmt":"2022-05-23T18:27:41","guid":{"rendered":"https:\/\/museuciencies.cat\/parlem-de-talles\/"},"modified":"2022-06-01T13:13:56","modified_gmt":"2022-06-01T11:13:56","slug":"parlem-de-talles","status":"publish","type":"post","link":"https:\/\/museuciencies.cat\/es\/parlem-de-talles\/","title":{"rendered":"\u00bfHablamos de tallas?"},"content":{"rendered":"<p>Hoy en d\u00eda, la uniformidad ha pasado de moda, y ahora nos gusta la variedad. \u00a1Viva la diferencia!<\/p>\n<p>Por este motivo os queremos presentar dos libros muy especiales: el m\u00e1s grande y el m\u00e1s peque\u00f1o de los que tenemos el privilegio de conservar. \u00bfVerdad que suena interesante?<\/p>\n<div id=\"attachment_90068\" style=\"width: 625px\" class=\"wp-caption aligncenter\"><img loading=\"lazy\" decoding=\"async\" aria-describedby=\"caption-attachment-90068\" class=\"wp-image-90068 size-medium\" src=\"https:\/\/museuciencies.cat\/wp-content\/uploads\/2022\/05\/1652358284269-615x346.png\" alt=\"El llibre m\u00e9s gran i el m\u00e9s petit\" width=\"615\" height=\"346\" srcset=\"https:\/\/museuciencies.cat\/wp-content\/uploads\/2022\/05\/1652358284269-615x346.png 615w, https:\/\/museuciencies.cat\/wp-content\/uploads\/2022\/05\/1652358284269-1024x576.png 1024w, https:\/\/museuciencies.cat\/wp-content\/uploads\/2022\/05\/1652358284269-768x432.png 768w, https:\/\/museuciencies.cat\/wp-content\/uploads\/2022\/05\/1652358284269-1536x864.png 1536w, https:\/\/museuciencies.cat\/wp-content\/uploads\/2022\/05\/1652358284269-1600x900.png 1600w, https:\/\/museuciencies.cat\/wp-content\/uploads\/2022\/05\/1652358284269-560x315.png 560w, https:\/\/museuciencies.cat\/wp-content\/uploads\/2022\/05\/1652358284269.png 1920w\" sizes=\"auto, (max-width: 615px) 100vw, 615px\" \/><p id=\"caption-attachment-90068\" class=\"wp-caption-text\">El libro m\u00e1s grande y el m\u00e1s peque\u00f1o de la Biblioteca del Museo<\/p><\/div>\n<p>Superando el medio metro, exactamente 57 cm de altura, la obra en 7 vol\u00famenes <em><a href=\"https:\/\/csic-primo.hosted.exlibrisgroup.com\/primo-explore\/fulldisplay?docid=34CSIC_ALMA_DS21121180240004201&amp;vid=34CSIC_VU1&amp;search_scope=default_scope&amp;tab=default_tab&amp;lang=es_ES&amp;context=L\" target=\"_blank\" rel=\"noopener\"><strong>Histoire naturelle des mammif\u00e8res<\/strong><\/a>,<\/em> de Fr\u00e9d\u00e9ric Cuvier, editada entre 1836 y 1849, con abundantes l\u00e1minas calcogr\u00e1ficas pintadas a mano.<\/p>\n<p class=\"jetpack-slideshow-noscript robots-nocontent\">El pase de diapositivas requiere JavaScript.<\/p><div id=\"gallery-90644-1-slideshow\" class=\"jetpack-slideshow-window jetpack-slideshow jetpack-slideshow-black\" data-trans=\"fade\" data-autostart=\"1\" data-gallery=\"[{&quot;src&quot;:&quot;https:\\\/\\\/museuciencies.cat\\\/wp-content\\\/uploads\\\/2022\\\/05\\\/1652358284176-1.png&quot;,&quot;id&quot;:&quot;90095&quot;,&quot;title&quot;:&quot;1652358284176&quot;,&quot;alt&quot;:&quot;&quot;,&quot;caption&quot;:&quot;Histoire naturelle des mammif\\u00e8res de Fr\\u00e9d\\u00e9ric Cuvier.&quot;,&quot;itemprop&quot;:&quot;image&quot;},{&quot;src&quot;:&quot;https:\\\/\\\/museuciencies.cat\\\/wp-content\\\/uploads\\\/2022\\\/05\\\/1652358284538-e1653329513526.png&quot;,&quot;id&quot;:&quot;90079&quot;,&quot;title&quot;:&quot;1652358284538&quot;,&quot;alt&quot;:&quot;&quot;,&quot;caption&quot;:&quot;&quot;,&quot;itemprop&quot;:&quot;image&quot;}]\" itemscope itemtype=\"https:\/\/schema.org\/ImageGallery\"><\/div>\n<p>Y, con solo 11 cm de altura, tenemos la obra an\u00f3nima de volumen \u00fanico: <a href=\"https:\/\/csic-primo.hosted.exlibrisgroup.com\/primo-explore\/fulldisplay?docid=34CSIC_ALMA_DS21244947290004201&amp;vid=34CSIC_VU1&amp;search_scope=default_scope&amp;tab=default_tab&amp;lang=es_ES&amp;context=L\" target=\"_blank\" rel=\"noopener\"><em><strong>Arte de disecar toda clase de aves, animales cuadr\u00fapedos e insectos. Modo de conservar los vejetales y minerales. Preparaci\u00f3n de los barnices y licores al efecto. Publicado seg\u00fan los adelantos del dia y puesto al alcance de toda clase de personas<\/strong><\/em><\/a>, editada en Madrid en 1846.<\/p>\n<p class=\"jetpack-slideshow-noscript robots-nocontent\">El pase de diapositivas requiere JavaScript.<\/p><div id=\"gallery-90644-2-slideshow\" class=\"jetpack-slideshow-window jetpack-slideshow jetpack-slideshow-black\" data-trans=\"fade\" data-autostart=\"1\" data-gallery=\"[{&quot;src&quot;:&quot;https:\\\/\\\/museuciencies.cat\\\/wp-content\\\/uploads\\\/2022\\\/05\\\/IMG_6916.png&quot;,&quot;id&quot;:&quot;90083&quot;,&quot;title&quot;:&quot;IMG_6916&quot;,&quot;alt&quot;:&quot;&quot;,&quot;caption&quot;:&quot;Arte de disecar toda clase de aves, animales cuadr\\u00fapedos e insectos. Modo de conservar los vejetales y minerales. Preparaci\\u00f3n de los barnices y licores al efecto. Publicado seg\\u00fan los adelantos del dia y puesto al alcance de toda clase de personas&quot;,&quot;itemprop&quot;:&quot;image&quot;},{&quot;src&quot;:&quot;https:\\\/\\\/museuciencies.cat\\\/wp-content\\\/uploads\\\/2022\\\/05\\\/IMG_6918.png&quot;,&quot;id&quot;:&quot;90087&quot;,&quot;title&quot;:&quot;IMG_6918&quot;,&quot;alt&quot;:&quot;&quot;,&quot;caption&quot;:&quot;Arte de disecar toda clase de aves, animales cuadr\\u00fapedos e insectos. Modo de conservar los vejetales y minerales. Preparaci\\u00f3n de los barnices y licores al efecto. Publicado seg\\u00fan los adelantos del dia y puesto al alcance de toda clase de personas&quot;,&quot;itemprop&quot;:&quot;image&quot;}]\" itemscope itemtype=\"https:\/\/schema.org\/ImageGallery\"><\/div>\n<p>Para m\u00e1s informaci\u00f3n contactad con nosotras en el\u00a0 <a href=\"https:\/\/museuciencies.cat\/area-cientifica\/centre-de-documentacio\/presentacio\/biblioteca\/\" target=\"_blank\" rel=\"noopener\">enlace<\/a>.<\/p>\n","protected":false},"excerpt":{"rendered":"<p>Hoy en d\u00eda, la uniformidad ha pasado de moda, y ahora nos gusta la variedad. \u00a1Viva la diferencia! Por este motivo os queremos presentar dos libros muy especiales: el m\u00e1s grande y el m\u00e1s peque\u00f1o de los que tenemos el privilegio de conservar. \u00bfVerdad que suena interesante? Superando el medio metro, exactamente 57 cm de [&hellip;]<\/p>\n","protected":false},"author":2,"featured_media":0,"comment_status":"closed","ping_status":"closed","sticky":false,"template":"","format":"standard","meta":{"_acf_changed":false,"_jetpack_memberships_contains_paid_content":false,"footnotes":""},"categories":[3460],"tags":[3461,3462,3463],"class_list":["post-90644","post","type-post","status-publish","format-standard","hentry","category-llibres-rars-i-curiosos-es","tag-bilioteca-es","tag-centre-de-documentacio-del-museu-es","tag-incunables-es"],"acf":{"publicar_al_quiosc":true,"presentacio_socials":[],"destacat_portada":true,"text_alerta":"","activeu_alerta":false,"presenta_fills":"no","links_associats":false,"arxius_adjunts":false,"boto_de_link_o_mail":false,"tambe_us_pot_interessar":"","nou_carrusel":false,"img_cap":7584,"presenta_peu":false,"imatge_llistat":false},"jetpack_featured_media_url":"","jetpack_sharing_enabled":true,"_links":{"self":[{"href":"https:\/\/museuciencies.cat\/es\/wp-json\/wp\/v2\/posts\/90644","targetHints":{"allow":["GET"]}}],"collection":[{"href":"https:\/\/museuciencies.cat\/es\/wp-json\/wp\/v2\/posts"}],"about":[{"href":"https:\/\/museuciencies.cat\/es\/wp-json\/wp\/v2\/types\/post"}],"author":[{"embeddable":true,"href":"https:\/\/museuciencies.cat\/es\/wp-json\/wp\/v2\/users\/2"}],"replies":[{"embeddable":true,"href":"https:\/\/museuciencies.cat\/es\/wp-json\/wp\/v2\/comments?post=90644"}],"version-history":[{"count":0,"href":"https:\/\/museuciencies.cat\/es\/wp-json\/wp\/v2\/posts\/90644\/revisions"}],"wp:attachment":[{"href":"https:\/\/museuciencies.cat\/es\/wp-json\/wp\/v2\/media?parent=90644"}],"wp:term":[{"taxonomy":"category","embeddable":true,"href":"https:\/\/museuciencies.cat\/es\/wp-json\/wp\/v2\/categories?post=90644"},{"taxonomy":"post_tag","embeddable":true,"href":"https:\/\/museuciencies.cat\/es\/wp-json\/wp\/v2\/tags?post=90644"}],"curies":[{"name":"wp","href":"https:\/\/api.w.org\/{rel}","templated":true}]}}