{"id":89835,"date":"2022-04-22T13:12:59","date_gmt":"2022-04-22T11:12:59","guid":{"rendered":"https:\/\/museuciencies.cat\/el-sonido-de-la-naturaleza-calendario-sonoro-de-los-paisajes-de-espana\/"},"modified":"2022-05-13T19:45:44","modified_gmt":"2022-05-13T17:45:44","slug":"el-sonido-de-la-naturaleza-calendario-sonoro-de-los-paisajes-de-espana","status":"publish","type":"post","link":"https:\/\/museuciencies.cat\/es\/el-sonido-de-la-naturaleza-calendario-sonoro-de-los-paisajes-de-espana\/","title":{"rendered":"El sonido de la naturaleza: calendario sonoro de los paisajes de Espa\u00f1a"},"content":{"rendered":"<p>Hita, Carlos de; Hern\u00e1ndez F. J. <em>El sonido de la naturaleza: calendario sonoro de los paisajes de Espa\u00f1a<\/em>. Madrid: Anaya, 2021. 187 p. ISBN 9788491584100<\/p>\n<p><img loading=\"lazy\" decoding=\"async\" data-attachment-id=\"89520\" data-permalink=\"https:\/\/museuciencies.cat\/es\/el-sonido-de-la-naturaleza-calendario-sonoro-de-los-paisajes-de-espana\/descarga-2\/\" data-orig-file=\"https:\/\/museuciencies.cat\/wp-content\/uploads\/2022\/04\/descarga.jpg\" data-orig-size=\"194,260\" data-comments-opened=\"0\" data-image-meta=\"{&quot;aperture&quot;:&quot;0&quot;,&quot;credit&quot;:&quot;&quot;,&quot;camera&quot;:&quot;&quot;,&quot;caption&quot;:&quot;&quot;,&quot;created_timestamp&quot;:&quot;0&quot;,&quot;copyright&quot;:&quot;&quot;,&quot;focal_length&quot;:&quot;0&quot;,&quot;iso&quot;:&quot;0&quot;,&quot;shutter_speed&quot;:&quot;0&quot;,&quot;title&quot;:&quot;&quot;,&quot;orientation&quot;:&quot;0&quot;}\" data-image-title=\"descarga\" data-image-description=\"\" data-image-caption=\"\" data-medium-file=\"https:\/\/museuciencies.cat\/wp-content\/uploads\/2022\/04\/descarga.jpg\" data-large-file=\"https:\/\/museuciencies.cat\/wp-content\/uploads\/2022\/04\/descarga.jpg\" class=\"size-full wp-image-89520 aligncenter\" src=\"https:\/\/museuciencies.cat\/wp-content\/uploads\/2022\/04\/descarga.jpg\" alt=\"\" width=\"194\" height=\"260\" \/><\/p>\n<p>El libro que recomendamos en esta ocasi\u00f3n es un documento textual y a la vez sonoro sin ning\u00fan otro soporte que el papel. La explicaci\u00f3n es que a cada uno de los cap\u00edtulos le corresponde un c\u00f3digo QR que ley\u00e9ndolo con el m\u00f3vil o la tablet se convierte en sonido. A trav\u00e9s de unas grabaciones excelentes podemos escuchar y o\u00edr lo que est\u00e1 pasando en nuestros bosques, r\u00edos y campos a cualquier hora del d\u00eda ya lo largo de las cuatro estaciones. Mayoritariamente oiremos cantos de p\u00e1jaros, pero tambi\u00e9n el manar de una fuente, el corar de las ranas, el rumor del viento o el estruendo de una tormenta.<\/p>\n<p>Carlos de Hita es guionista de documentales. Ha publicado diversas colecciones de discos sobre paisajes sonoros naturales, los parques naturales espa\u00f1oles y algunas gu\u00edas de identificaci\u00f3n del canto de las aves. En 2016 recibi\u00f3 el XI Premio de la Fundaci\u00f3n BBVA a la Difusi\u00f3n del Conocimiento y Sensibilizaci\u00f3n de la Biodiversidad en Espa\u00f1a.<\/p>\n","protected":false},"excerpt":{"rendered":"<p>Hita, Carlos de; Hern\u00e1ndez F. J. El sonido de la naturaleza: calendario sonoro de los paisajes de Espa\u00f1a. Madrid: Anaya, 2021. 187 p. ISBN 9788491584100 El libro que recomendamos en esta ocasi\u00f3n es un documento textual y a la vez sonoro sin ning\u00fan otro soporte que el papel. La explicaci\u00f3n es que a cada uno [&hellip;]<\/p>\n","protected":false},"author":3,"featured_media":0,"comment_status":"closed","ping_status":"closed","sticky":false,"template":"","format":"standard","meta":{"_acf_changed":false,"_jetpack_memberships_contains_paid_content":false,"footnotes":""},"categories":[3358],"tags":[3360],"class_list":["post-89835","post","type-post","status-publish","format-standard","hentry","category-el-llibre-del-mes-es","tag-llibre-del-mes-es"],"acf":{"destacat_portada":true,"presentacio_socials":[],"publicar_al_quiosc":true,"tambe_us_pot_interessar":"","img_cap":89521,"presenta_peu":false,"imatge_llistat":false,"nou_carrusel":false,"boto_de_link_o_mail":false,"arxius_adjunts":false,"links_associats":false,"presenta_fills":"no","activeu_alerta":false,"text_alerta":""},"jetpack_featured_media_url":"","jetpack_sharing_enabled":true,"_links":{"self":[{"href":"https:\/\/museuciencies.cat\/es\/wp-json\/wp\/v2\/posts\/89835","targetHints":{"allow":["GET"]}}],"collection":[{"href":"https:\/\/museuciencies.cat\/es\/wp-json\/wp\/v2\/posts"}],"about":[{"href":"https:\/\/museuciencies.cat\/es\/wp-json\/wp\/v2\/types\/post"}],"author":[{"embeddable":true,"href":"https:\/\/museuciencies.cat\/es\/wp-json\/wp\/v2\/users\/3"}],"replies":[{"embeddable":true,"href":"https:\/\/museuciencies.cat\/es\/wp-json\/wp\/v2\/comments?post=89835"}],"version-history":[{"count":0,"href":"https:\/\/museuciencies.cat\/es\/wp-json\/wp\/v2\/posts\/89835\/revisions"}],"wp:attachment":[{"href":"https:\/\/museuciencies.cat\/es\/wp-json\/wp\/v2\/media?parent=89835"}],"wp:term":[{"taxonomy":"category","embeddable":true,"href":"https:\/\/museuciencies.cat\/es\/wp-json\/wp\/v2\/categories?post=89835"},{"taxonomy":"post_tag","embeddable":true,"href":"https:\/\/museuciencies.cat\/es\/wp-json\/wp\/v2\/tags?post=89835"}],"curies":[{"name":"wp","href":"https:\/\/api.w.org\/{rel}","templated":true}]}}