{"id":89073,"date":"2022-03-09T11:22:52","date_gmt":"2022-03-09T10:22:52","guid":{"rendered":"https:\/\/museuciencies.cat\/carles-lalueza-fox-nou-director-del-museu-de-ciencies-naturals-de-barcelona\/"},"modified":"2022-05-13T19:49:50","modified_gmt":"2022-05-13T17:49:50","slug":"carles-lalueza-fox-nou-director-del-museu-de-ciencies-naturals-de-barcelona","status":"publish","type":"post","link":"https:\/\/museuciencies.cat\/es\/carles-lalueza-fox-nou-director-del-museu-de-ciencies-naturals-de-barcelona\/","title":{"rendered":"Carles Lalueza, nuevo director del Museo de Ciencias Naturales de Barcelona"},"content":{"rendered":"<p>Esta ma\u00f1ana se ha celebrado la presentaci\u00f3n en rueda de prensa de la nueva direcci\u00f3n del Museo de Ciencias Naturales de Barcelona.<\/p>\n<p>El teniente de Alcald\u00eda de Cultura, Educaci\u00f3n, Ciencia y Comunidad, Jordi Mart\u00ed, ha presentado la nueva direcci\u00f3n del Museo de Ciencias Naturales de Barcelona, \u200b\u200bconjuntamente con la intervenci\u00f3n de la directora general de Patrimonio Cultural del Departamento de Cultura de la Generalidad de Catalu\u00f1a , Elsa Ibar, la actual directora del Museo, Anna Omedes, Andreu Mas-Colell, presidente del Institute of Science and Technology (BIST), as\u00ed como el nuevo director Carles Lalueza, bi\u00f3logo e investigador del Instituto de Biolog\u00eda Evolutiva del Consejo Superior de Investigaciones Cient\u00edficas (CSIC-Universitat Pompeu Fabra).<\/p>\n<p><iframe loading=\"lazy\" title=\"YouTube video player\" src=\"https:\/\/www.youtube.com\/embed\/zatmwE17pCA\" width=\"560\" height=\"315\" frameborder=\"0\" allowfullscreen=\"allowfullscreen\"><\/iframe><\/p>\n<p>Carles Lalueza, asume entre otros, los retos de culminar la construcci\u00f3n de las sedes hist\u00f3ricas, y definir el futuro Museo Nacional de Ciencias Naturales de Catalu\u00f1a<\/p>\n<p>Carles Lalueza Fox ha sido elegido por unanimidad del jurado nuevo director del Museo de Ciencias Naturales de Barcelona. La comisi\u00f3n de expertos y expertas formada por M\u00f3nica Bello, directora de ARTS en el CERN; Jordi Cam\u00ed, director general del Parc de Recerca Biom\u00e8dica de Barcelona (PRBB); Mara Dierssen, cient\u00edfica senior del Centre de Regulaci\u00f3 Gen\u00f2mica de Barcelona; Francis Duranthon, director del Museo de Historia Natural y de los 15 museos y monumentos municipales de Tolosa (Francia); Gonzalo Giribert, director y Profesor Alexander Agassiz del Museo de Zoolog\u00eda Comparada de Harvard (EE.UU.); Andreu Mas Colell, presidente del Barcelona Institute of Science and Technology (BIST); Marta Clari, gerente de Cultura, Educaci\u00f3n, Ciencia y Comunidad del Ayuntamiento de Barcelona, \u200b\u200by Elsa Ibar, directora de la Direcci\u00f3n General de Patrimonio del Departamento de Cultura de la Generalitat, ha valorado que se trata de un cient\u00edfico de primera l\u00ednea internacional con una s\u00f3lida trayectoria divulgadora.<\/p>\n<div id=\"attachment_89026\" style=\"width: 370px\" class=\"wp-caption aligncenter\"><img loading=\"lazy\" decoding=\"async\" aria-describedby=\"caption-attachment-89026\" class=\"size-thumbnail wp-image-89026\" src=\"https:\/\/museuciencies.cat\/wp-content\/uploads\/2022\/03\/IMG_9567-scaled-1-360x360.jpg\" alt=\"\" width=\"360\" height=\"360\" srcset=\"https:\/\/museuciencies.cat\/wp-content\/uploads\/2022\/03\/IMG_9567-scaled-1-360x360.jpg 360w, https:\/\/museuciencies.cat\/wp-content\/uploads\/2022\/03\/IMG_9567-scaled-1-414x414.jpg 414w, https:\/\/museuciencies.cat\/wp-content\/uploads\/2022\/03\/IMG_9567-scaled-1-768x768.jpg 768w\" sizes=\"auto, (max-width: 360px) 100vw, 360px\" \/><p id=\"caption-attachment-89026\" class=\"wp-caption-text\">Carles Lalueza, nuevo director del Museu de Ci\u00e8ncies Naturals de Barcelona. Imagen de Ajuntament de Barcelona<\/p><\/div>\n<p>&nbsp;<\/p>\n<p>La elecci\u00f3n se ha basado en su visi\u00f3n estrat\u00e9gica, su capacidad de transformaci\u00f3n y su actitud innovadora y amplia en relaci\u00f3n con las colecciones, la investigaci\u00f3n y la divulgaci\u00f3n. El candidato tambi\u00e9n ofrece la oportunidad de impulsar la proyecci\u00f3n internacional del Museo as\u00ed como la de incorporar y movilizar la ciencia en el museo y para el museo.<\/p>\n<p>Licenciado y doctor en biolog\u00eda por la Universidad Aut\u00f3noma, es especialista en t\u00e9cnicas de recuperaci\u00f3n de ADN de restos del pasado, en reconstrucci\u00f3n filogen\u00e9tica de especies extintas, en reconstrucci\u00f3n de migraciones pasadas en las poblaciones humanas y en gen\u00e9tica evolutiva. Su obra de divulgaci\u00f3n es muy extensa. Lalueza fue uno de los cient\u00edficos que particip\u00f3 en el estudio dirigido por Svante P\u00e4\u00e4bo y publicado en 2010 en la revista Science en el que se demostr\u00f3 por primera vez la presencia de ADN neandertal en los humanos actuales. Tambi\u00e9n ha obtenido diferentes premios y distinciones por su labor cient\u00edfica y de divulgaci\u00f3n entre los cuales el Premi Ciutat de Barcelona d\u2019investigaci\u00f3 cient\u00edfica (2007), el premio Narc\u00eds Monturiol (2018), el VII Premio Europeo de Divulgaci\u00f3n Cient\u00edfica de la Universidad de Valencia (2001), y el Premio Internacional de Ensayo Esteban de Terreros (2005) con el libro \u201cGenes de Neandertal\u201d.<\/p>\n<p>La propuesta presentada por Carles Lalueza incluye acciones que permitir\u00e1n a la instituci\u00f3n posicionarse como un actor importante en el ecosistema local de investigaci\u00f3n, proveyendo plataformas y otros recursos de gran valor y que son propias de una instituci\u00f3n que es contenedor de unas colecciones estrat\u00e9gicas y de importancia capital para la instituci\u00f3n. Tambi\u00e9n propone varios proyectos de colaboraci\u00f3n interinstitucional para dar valor a la ciencia y ponerla al servicio de la divulgaci\u00f3n y de la educaci\u00f3n, as\u00ed como exposiciones y actividades de alto inter\u00e9s para el p\u00fablico.<\/p>\n<p>En el proyecto presentado para defender su candidatura, Lalueza se mostr\u00f3 abierto a repensar el futuro y propone desarrollar sus responsabilidades en t\u00e1ndem con la gerencia, un esquema que el jurado ha considerado clave frente a la nueva etapa de expansi\u00f3n de la instituci\u00f3n. Tambi\u00e9n apuesta por dar un impulso renovado a la creaci\u00f3n y conservaci\u00f3n de colecciones. El Museo cuenta ya con una excelente direcci\u00f3n cient\u00edfica, altamente profesional, con la que el nuevo director podr\u00e1 desarrollar un prometedor trabajo conjunto y expresamente complementario, especialmente en el \u00e1rea de recursos gen\u00e9ticos.<\/p>\n<p>El concurso para proveer la plaza de la direcci\u00f3n del Consorci del Museu de Ci\u00e8ncies Naturals de Barcelona se convoc\u00f3 el pasado mes de noviembre para cubrir la vacante que deja por jubilaci\u00f3n Anna Omedes, que ha estado 37 a\u00f1os al servicio de la instituci\u00f3n de los que 25 ha ejercido como directora. El jurado, en su resoluci\u00f3n del concurso ha querido hacer una menci\u00f3n al enorme compromiso de la direcci\u00f3n de Anna Omedes Reg\u00e0s, quien ha impulsado de forma perseverante el museo, liderando el plan estrat\u00e9gico, la puesta en marcha de la sede en el F\u00f3rum, las obras actuales en sus sedes hist\u00f3ricas en el Parque de la Ciutadella, as\u00ed como la creaci\u00f3n del consorcio entre el Ayuntamiento de Barcelona y la Generalitat de Catalunya para llegar a convertirlo en el futuro museo nacional de ciencias naturales de Catalu\u00f1a .<\/p>\n","protected":false},"excerpt":{"rendered":"<p>Esta ma\u00f1ana se ha celebrado la presentaci\u00f3n en rueda de prensa de la nueva direcci\u00f3n del Museo de Ciencias Naturales de Barcelona. El teniente de Alcald\u00eda de Cultura, Educaci\u00f3n, Ciencia y Comunidad, Jordi Mart\u00ed, ha presentado la nueva direcci\u00f3n del Museo de Ciencias Naturales de Barcelona, \u200b\u200bconjuntamente con la intervenci\u00f3n de la directora general de [&hellip;]<\/p>\n","protected":false},"author":2,"featured_media":0,"comment_status":"closed","ping_status":"closed","sticky":false,"template":"","format":"standard","meta":{"_acf_changed":false,"_jetpack_memberships_contains_paid_content":false,"footnotes":""},"categories":[2359],"tags":[],"class_list":["post-89073","post","type-post","status-publish","format-standard","hentry","category-museu-de-ciencies-naturals-de-barcelona-es"],"acf":{"destacat_portada":false,"presentacio_socials":[],"publicar_al_quiosc":true,"tambe_us_pot_interessar":"","img_cap":89031,"presenta_peu":false,"imatge_llistat":false,"nou_carrusel":false,"boto_de_link_o_mail":false,"arxius_adjunts":false,"links_associats":false,"presenta_fills":"no","activeu_alerta":false,"text_alerta":""},"jetpack_featured_media_url":"","jetpack_sharing_enabled":true,"_links":{"self":[{"href":"https:\/\/museuciencies.cat\/es\/wp-json\/wp\/v2\/posts\/89073","targetHints":{"allow":["GET"]}}],"collection":[{"href":"https:\/\/museuciencies.cat\/es\/wp-json\/wp\/v2\/posts"}],"about":[{"href":"https:\/\/museuciencies.cat\/es\/wp-json\/wp\/v2\/types\/post"}],"author":[{"embeddable":true,"href":"https:\/\/museuciencies.cat\/es\/wp-json\/wp\/v2\/users\/2"}],"replies":[{"embeddable":true,"href":"https:\/\/museuciencies.cat\/es\/wp-json\/wp\/v2\/comments?post=89073"}],"version-history":[{"count":0,"href":"https:\/\/museuciencies.cat\/es\/wp-json\/wp\/v2\/posts\/89073\/revisions"}],"wp:attachment":[{"href":"https:\/\/museuciencies.cat\/es\/wp-json\/wp\/v2\/media?parent=89073"}],"wp:term":[{"taxonomy":"category","embeddable":true,"href":"https:\/\/museuciencies.cat\/es\/wp-json\/wp\/v2\/categories?post=89073"},{"taxonomy":"post_tag","embeddable":true,"href":"https:\/\/museuciencies.cat\/es\/wp-json\/wp\/v2\/tags?post=89073"}],"curies":[{"name":"wp","href":"https:\/\/api.w.org\/{rel}","templated":true}]}}