{"id":87468,"date":"2022-01-24T16:42:19","date_gmt":"2022-01-24T15:42:19","guid":{"rendered":"https:\/\/museuciencies.cat\/portes-obertes-per-santa-eulalia\/"},"modified":"2022-05-13T19:51:06","modified_gmt":"2022-05-13T17:51:06","slug":"portes-obertes-per-santa-eulalia","status":"publish","type":"post","link":"https:\/\/museuciencies.cat\/es\/portes-obertes-per-santa-eulalia\/","title":{"rendered":"\u00a1Puertas abiertas por Santa Eul\u00e0lia!"},"content":{"rendered":"<p>Con motivo de la <a href=\"http:\/\/lameva.barcelona.cat\/santaeulalia\/\">Fiesta Mayor de invierno de Barcelona<\/a> (el 12 de febrero, Santa Eul\u00e0lia), puertas abiertas en el Museo y en el Jard\u00edn. \u00a1Os esperamos!<\/p>\n<h3>Exposiciones permanentes<\/h3>\n<ul>\n<li><span style=\"color: #000000;\"><a style=\"color: #000000;\" href=\"https:\/\/museuciencies.cat\/es\/el-nat\/las-sedes\/museo-de-ciencias-naturales-de-barcelona\/exposicion-planeta-vida\/\" target=\"_blank\" rel=\"noopener noreferrer\">Planeta Vida<\/a><\/span><\/li>\n<li><span style=\"color: #000000;\"><a style=\"color: #000000;\" href=\"https:\/\/museuciencies.cat\/es\/visitanos\/exposiciones\/exposiciones-permanentes\/los-museos-de-ciencias-naturales-de-cataluna\/\" target=\"_blank\" rel=\"noopener noreferrer\">Los museos de ciencias naturales de Catalu\u00f1a<\/a><\/span><\/li>\n<li><span style=\"color: #000000;\"><a style=\"color: #000000;\" href=\"https:\/\/museuciencies.cat\/es\/el-nat\/las-sedes\/museo-de-ciencias-naturales-de-barcelona\/terrat-viu\/\">El Terrado Vivo del Museo<\/a><\/span><\/li>\n<li><span style=\"color: #000000;\"><a style=\"color: #000000;\" href=\"https:\/\/museuciencies.cat\/es\/visitanos\/exposiciones\/exposiciones-permanentes\/muestra-de-bonsai\/\" target=\"_blank\" rel=\"noopener noreferrer\">Muestra de Bonsai<\/a><\/span><\/li>\n<li><span style=\"color: #000000;\"><a style=\"color: #000000;\" href=\"https:\/\/museuciencies.cat\/es\/el-nat\/las-sedes\/jardin-botanico-de-barcelona\/areas-del-jardin\/\">\u00c1reas del Jard\u00edn<\/a><\/span><\/li>\n<\/ul>\n<h3><strong>Exposiciones temporales<\/strong><\/h3>\n<ul>\n<li><span style=\"color: #000000;\"><a style=\"color: #000000;\" href=\"https:\/\/museuciencies.cat\/es\/exposicio_temporal\/invisibles-i-ocultes\/\">[In]visibles i [O]cultas<\/a><\/span><\/li>\n<li><span style=\"color: #000000;\"><a style=\"color: #000000;\" href=\"https:\/\/museuciencies.cat\/es\/exposicio_temporal\/bebes-animals\/\">Beb\u00e9s Animales<\/a><\/span><\/li>\n<li><span style=\"color: #000000;\"><a style=\"color: #000000;\" href=\"https:\/\/museuciencies.cat\/es\/exposicio_temporal\/una-mirada-lgtbi-a-planeta-vida\/\">Una mirada LGTBI+ a Planeta Vida<\/a><\/span><\/li>\n<li><a href=\"https:\/\/museuciencies.cat\/es\/exposicio_temporal\/mes-que-abelles\/\"><span style=\"color: #000000;\">M\u00e1s que abejas. Polinizadores y flores, la vida en juego<\/span><\/a><\/li>\n<li><span style=\"color: #000000;\"><a style=\"color: #000000;\" href=\"https:\/\/museuciencies.cat\/exposicio_temporal\/connectem-amb-abelles\/\">Conectemos con abejas<\/a><\/span><\/li>\n<\/ul>\n<h3>Actividades<\/h3>\n<ul>\n<li><span style=\"color: #000000;\"><a style=\"color: #000000;\" href=\"https:\/\/museuciencies.cat\/activitats\/niu-de-ciencia-2022-02-12\/\">Nido de ciencia familiar<\/a>: s\u00e1bado y domingo<\/span><\/li>\n<li><span style=\"color: #000000;\"><a style=\"color: #000000;\" href=\"https:\/\/museuciencies.cat\/activitats\/el-jardi-dhistories-menudes-contes-per-obrir-be-els-ulls-2-2022-02-12\/\">El Jard\u00edn de historias peque\u00f1as<\/a>: s\u00e1bado<\/span><\/li>\n<li><span style=\"color: #000000;\"><a style=\"color: #000000;\" href=\"https:\/\/museuciencies.cat\/activitats\/em-roda-el-cap-2-2022-02-12\/\">\u00a1Me rueda la cabeza!<\/a>: s\u00e1bado y domingo<\/span><\/li>\n<li><span style=\"color: #000000;\"><a style=\"color: #000000;\" href=\"https:\/\/museuciencies.cat\/activitats\/de-flor-en-flor-la-seduccio-vegetal-2022-02-12\/\">De flor en flor. La seducci\u00f3n vegetal<\/a>: s\u00e1bado y domingo<\/span><\/li>\n<\/ul>\n<p style=\"font-weight: 400;\">\n","protected":false},"excerpt":{"rendered":"<p>Con motivo de la Fiesta Mayor de invierno de Barcelona (el 12 de febrero, Santa Eul\u00e0lia), puertas abiertas en el Museo y en el Jard\u00edn. \u00a1Os esperamos! Exposiciones permanentes Planeta Vida Los museos de ciencias naturales de Catalu\u00f1a El Terrado Vivo del Museo Muestra de Bonsai \u00c1reas del Jard\u00edn Exposiciones temporales [In]visibles i [O]cultas Beb\u00e9s [&hellip;]<\/p>\n","protected":false},"author":3,"featured_media":0,"comment_status":"closed","ping_status":"closed","sticky":false,"template":"","format":"standard","meta":{"_acf_changed":false,"_jetpack_memberships_contains_paid_content":false,"footnotes":""},"categories":[3],"tags":[3379,3380],"class_list":["post-87468","post","type-post","status-publish","format-standard","hentry","category-general-es","tag-activitats-es","tag-santa-eulalia-es"],"acf":{"presenta_peu":false,"img_cap":87432,"tambe_us_pot_interessar":"","publicar_al_quiosc":true,"presentacio_socials":[],"destacat_portada":false,"text_alerta":"","activeu_alerta":false,"presenta_fills":"no","links_associats":false,"arxius_adjunts":false,"boto_de_link_o_mail":false,"nou_carrusel":false,"imatge_llistat":false},"jetpack_featured_media_url":"","jetpack_sharing_enabled":true,"_links":{"self":[{"href":"https:\/\/museuciencies.cat\/es\/wp-json\/wp\/v2\/posts\/87468","targetHints":{"allow":["GET"]}}],"collection":[{"href":"https:\/\/museuciencies.cat\/es\/wp-json\/wp\/v2\/posts"}],"about":[{"href":"https:\/\/museuciencies.cat\/es\/wp-json\/wp\/v2\/types\/post"}],"author":[{"embeddable":true,"href":"https:\/\/museuciencies.cat\/es\/wp-json\/wp\/v2\/users\/3"}],"replies":[{"embeddable":true,"href":"https:\/\/museuciencies.cat\/es\/wp-json\/wp\/v2\/comments?post=87468"}],"version-history":[{"count":0,"href":"https:\/\/museuciencies.cat\/es\/wp-json\/wp\/v2\/posts\/87468\/revisions"}],"wp:attachment":[{"href":"https:\/\/museuciencies.cat\/es\/wp-json\/wp\/v2\/media?parent=87468"}],"wp:term":[{"taxonomy":"category","embeddable":true,"href":"https:\/\/museuciencies.cat\/es\/wp-json\/wp\/v2\/categories?post=87468"},{"taxonomy":"post_tag","embeddable":true,"href":"https:\/\/museuciencies.cat\/es\/wp-json\/wp\/v2\/tags?post=87468"}],"curies":[{"name":"wp","href":"https:\/\/api.w.org\/{rel}","templated":true}]}}