{"id":79482,"date":"2021-06-17T18:45:40","date_gmt":"2021-06-17T17:45:40","guid":{"rendered":"https:\/\/museuciencies.cat\/aprovat-el-projecte-de-rehabilitacio-integral-del-museu-martorell\/"},"modified":"2021-06-18T10:45:20","modified_gmt":"2021-06-18T09:45:20","slug":"aprovat-el-projecte-de-rehabilitacio-integral-del-museu-martorell","status":"publish","type":"post","link":"https:\/\/museuciencies.cat\/es\/aprovat-el-projecte-de-rehabilitacio-integral-del-museu-martorell\/","title":{"rendered":"Aprobado el proyecto de rehabilitaci\u00f3n integral del Museu Martorell"},"content":{"rendered":"<p>El objetivo es ponerlo al d\u00eda, mejorar la permeabilidad con el entorno, y volver a abrirlo al gran p\u00fablico con una exposici\u00f3n permanente sobre la relaci\u00f3n del ser humano y la naturaleza con la evoluci\u00f3n de los museos de ciencias naturales desde los gabinetes de curiosidades hasta la actualidad como hilo conductor. Acoger\u00e1 tambi\u00e9n el <a href=\"https:\/\/museuciencies.cat\/es\/area-cientifica\/centro-de-documentacion\/presentacion\/\">Centro de Documentaci\u00f3n del Museo<\/a>, dispondr\u00e1 de espacios para actividades destinadas a todos los p\u00fablicos y de un espacio de interpretaci\u00f3n del Parc de la Ciutadella.<\/p>\n<p>El Ayuntamiento de Barcelona ha aprobado inicialmente el proyecto de rehabilitaci\u00f3n integral del Museo Martorell, tr\u00e1mite que permitir\u00e1, en los pr\u00f3ximos d\u00edas, iniciar el procedimiento de licitaci\u00f3n de las primeras obras que se prev\u00e9 sacar adelante en este hist\u00f3rico equipamiento, con la perspectiva de iniciar los trabajos el pr\u00f3ximo oto\u00f1o. De esta manera se inicia la ejecuci\u00f3n de una de las actuaciones previstas en el <a href=\"https:\/\/www.barcelona.cat\/barcelonaciencia\/es\/plan-barcelona-ciencia\">Plan de Ciencia 2020-2023<\/a>, que busca desarrollar el proyecto urbano y cient\u00edfico de la \u00ab<a href=\"https:\/\/www.barcelona.cat\/internationalwelcome\/es\/noticia\/nace-la-ciutadella-del-coneixement-un-proyecto-puntero-en-europa_816079\">Ciutadella del Coneixement\u00bb<\/a> a trav\u00e9s de la rehabilitaci\u00f3n del Museu Martorell y otros proyectos a el entorno del parque, como el \u00abMercat del Peix\u00bb o el espacio de divulgaci\u00f3n cient\u00edfica \u00ab<a href=\"https:\/\/www.decidim.barcelona\/processes\/PAM2020\/f\/3733\/proposals\/18742?locale=es\">Barcelona Mar de Ciencia\u00bb<\/a>.<\/p>\n<h3><strong>Rehabilitaci\u00f3n integral<\/strong><\/h3>\n<p>Su rehabilitaci\u00f3n integral permitir\u00e1 superar el envejecimiento del edificio sufrido por el paso de sus m\u00e1s de 140 a\u00f1os de historia, a la vez que\u00a0 se introducir\u00e1n las modificaciones necesarias de car\u00e1cter funcional para adaptarlo a las nuevas exigencias de uso como equipamiento abierto al p\u00fablico. As\u00ed pues, el proyecto arquitect\u00f3nico prev\u00e9 por una parte la ordenaci\u00f3n de los usos, y por otra parte, la mejora de la eficiencia energ\u00e9tica y la sostenibilidad del edificio, intervenciones que se har\u00e1n bajo criterios de conservaci\u00f3n de los valores patrimoniales, y de adaptaci\u00f3n flexible al nuevo programa funcional.<\/p>\n<p>La intervenci\u00f3n se ha dividido en tres fases, la primera de las cuales ser\u00e1 la que se abordar\u00e1 a partir de este oto\u00f1o:<\/p>\n<ol>\n<li>Rehabilitaci\u00f3n integral del interior del edificio.<\/li>\n<li>Rehabilitaci\u00f3n de las fachadas.<\/li>\n<li>Trabajos de reforma de los exteriores que incluyen rampas, escaleras de acceso, entre otras intervenciones en las zonas exteriores al Museo.<\/li>\n<\/ol>\n<h3>Programa funcional<\/h3>\n<p>La apuesta del Ayuntamiento se basa en reafirmar la vertiente cient\u00edfica del Parc de la Ciutadella para acercar al p\u00fablico su patrimonio, tanto natural como documental, y uno de los caminos para alcanzarla es consolidar las sedes del Museu de Ci\u00e8ncies Naturals del parque. Se plantean los siguientes usos para estos equipamientos:<\/p>\n<ul>\n<li>El <strong>Castell dels Tres Dragons <\/strong>como sede cient\u00edfica: colecciones, investigaci\u00f3n, espacio expositivo, ciencia ciudadana y voluntariado.<\/li>\n<li>El <strong>Museu Martorell<\/strong> con una exposici\u00f3n abierta al p\u00fablico general, y el Centro de Documentaci\u00f3n del Museu de Ci\u00e8ncies Naturals.<\/li>\n<\/ul>\n<p class=\"jetpack-slideshow-noscript robots-nocontent\">El pase de diapositivas requiere JavaScript.<\/p><div id=\"gallery-79482-1-slideshow\" class=\"jetpack-slideshow-window jetpack-slideshow jetpack-slideshow-black\" data-trans=\"fade\" data-autostart=\"1\" data-gallery=\"[{&quot;src&quot;:&quot;https:\\\/\\\/museuciencies.cat\\\/wp-content\\\/uploads\\\/2021\\\/06\\\/Projecte-Museu-Martorell-615x412.jpg&quot;,&quot;id&quot;:&quot;79463&quot;,&quot;title&quot;:&quot;Rehabilitaci\\u00f3 integral del Museu Martorell&quot;,&quot;alt&quot;:&quot;&quot;,&quot;caption&quot;:&quot;&quot;,&quot;itemprop&quot;:&quot;image&quot;},{&quot;src&quot;:&quot;https:\\\/\\\/museuciencies.cat\\\/wp-content\\\/uploads\\\/2021\\\/06\\\/Projecte-Museu-Martorell-2-615x421.jpg&quot;,&quot;id&quot;:&quot;79443&quot;,&quot;title&quot;:&quot;Rehabilitaci\\u00f3 integral del Museu Martorell&quot;,&quot;alt&quot;:&quot;&quot;,&quot;caption&quot;:&quot;&quot;,&quot;itemprop&quot;:&quot;image&quot;},{&quot;src&quot;:&quot;https:\\\/\\\/museuciencies.cat\\\/wp-content\\\/uploads\\\/2021\\\/06\\\/Projecte-Museu-Martorell-3-615x389.jpg&quot;,&quot;id&quot;:&quot;79447&quot;,&quot;title&quot;:&quot;Rehabilitaci\\u00f3 integral del Museu Martorell&quot;,&quot;alt&quot;:&quot;&quot;,&quot;caption&quot;:&quot;&quot;,&quot;itemprop&quot;:&quot;image&quot;},{&quot;src&quot;:&quot;https:\\\/\\\/museuciencies.cat\\\/wp-content\\\/uploads\\\/2021\\\/06\\\/Projecte-Museu-Martorell-interior-615x411.jpg&quot;,&quot;id&quot;:&quot;79451&quot;,&quot;title&quot;:&quot;Rehabilitaci\\u00f3 integral del Museu Martorell&quot;,&quot;alt&quot;:&quot;&quot;,&quot;caption&quot;:&quot;&quot;,&quot;itemprop&quot;:&quot;image&quot;},{&quot;src&quot;:&quot;https:\\\/\\\/museuciencies.cat\\\/wp-content\\\/uploads\\\/2021\\\/06\\\/Projecte-Museu-Martorell-interior-b-615x514.jpg&quot;,&quot;id&quot;:&quot;79455&quot;,&quot;title&quot;:&quot;Rehabilitaci\\u00f3 integral del Museu Martorell&quot;,&quot;alt&quot;:&quot;&quot;,&quot;caption&quot;:&quot;&quot;,&quot;itemprop&quot;:&quot;image&quot;},{&quot;src&quot;:&quot;https:\\\/\\\/museuciencies.cat\\\/wp-content\\\/uploads\\\/2021\\\/06\\\/Projecte-Museu-Martorell-interior-c-368x615.jpg&quot;,&quot;id&quot;:&quot;79459&quot;,&quot;title&quot;:&quot;Rehabilitaci\\u00f3 integral del Museu Martorell&quot;,&quot;alt&quot;:&quot;&quot;,&quot;caption&quot;:&quot;&quot;,&quot;itemprop&quot;:&quot;image&quot;}]\" itemscope itemtype=\"https:\/\/schema.org\/ImageGallery\"><\/div>\n<p>Los nuevos usos del Museu Martorell pondr\u00e1n en valor la singularidad de cada uno de los espacios. Ver m\u00e1s detalles del programa funcional en este <a href=\"https:\/\/museuciencies.cat\/wp-content\/uploads\/2021\/06\/20210617-NP-v5-projecte-Museu-Martorell.pdf\">enlace<\/a>.<\/p>\n<h3>El traslado de las colecciones<\/h3>\n<div class=\"FFpbKc\"><\/div>\n<p id=\"c66\" class=\"oBOnKe\"><span class=\"JLqJ4b ChMk0b\" style=\"font-size: 16px;\" data-language-for-alternatives=\"es\" data-language-to-translate-into=\"ca\" data-phrase-index=\"0\">Actualmente se est\u00e1 trabajando<\/span> <span class=\"JLqJ4b ChMk0b\" style=\"font-size: 16px;\" data-language-for-alternatives=\"es\" data-language-to-translate-into=\"ca\" data-phrase-index=\"1\">en las tareas<\/span><span style=\"font-size: 16px;\">\u00a0<\/span><span class=\"JLqJ4b ChMk0b\" style=\"font-size: 16px;\" data-language-for-alternatives=\"es\" data-language-to-translate-into=\"ca\" data-phrase-index=\"3\">que permitir\u00e1n<\/span> <span class=\"JLqJ4b ChMk0b\" style=\"font-size: 16px;\" data-language-for-alternatives=\"es\" data-language-to-translate-into=\"ca\" data-phrase-index=\"4\">vaciar<\/span> <span class=\"JLqJ4b ChMk0b\" style=\"font-size: 16px;\" data-language-for-alternatives=\"es\" data-language-to-translate-into=\"ca\" data-phrase-index=\"5\">el edificio<\/span> <span class=\"JLqJ4b ChMk0b\" style=\"font-size: 16px;\" data-language-for-alternatives=\"es\" data-language-to-translate-into=\"ca\" data-phrase-index=\"6\">y reubicar<\/span> <span class=\"JLqJ4b ChMk0b\" style=\"font-size: 16px;\" data-language-for-alternatives=\"es\" data-language-to-translate-into=\"ca\" data-phrase-index=\"7\">las colecciones<\/span> <span class=\"JLqJ4b ChMk0b\" style=\"font-size: 16px;\" data-language-for-alternatives=\"es\" data-language-to-translate-into=\"ca\" data-phrase-index=\"8\">y<\/span> <span class=\"JLqJ4b ChMk0b\" style=\"font-size: 16px;\" data-language-for-alternatives=\"es\" data-language-to-translate-into=\"ca\" data-phrase-index=\"9\">el mobiliario<\/span><span class=\"JLqJ4b ChMk0b\" style=\"font-size: 16px;\" data-language-for-alternatives=\"es\" data-language-to-translate-into=\"ca\" data-phrase-index=\"10\">.<\/span> <span class=\"JLqJ4b ChMk0b\" style=\"font-size: 16px;\" data-language-for-alternatives=\"es\" data-language-to-translate-into=\"ca\" data-phrase-index=\"11\">Las colecciones<\/span> <span class=\"JLqJ4b ChMk0b\" style=\"font-size: 16px;\" data-language-for-alternatives=\"es\" data-language-to-translate-into=\"ca\" data-phrase-index=\"12\">una vez<\/span> <span class=\"JLqJ4b ChMk0b\" style=\"font-size: 16px;\" data-language-for-alternatives=\"es\" data-language-to-translate-into=\"ca\" data-phrase-index=\"13\">preparadas<\/span> <span class=\"JLqJ4b ChMk0b\" style=\"font-size: 16px;\" data-language-for-alternatives=\"es\" data-language-to-translate-into=\"ca\" data-phrase-index=\"14\">y<\/span> <span class=\"JLqJ4b ChMk0b\" style=\"font-size: 16px;\" data-language-for-alternatives=\"es\" data-language-to-translate-into=\"ca\" data-phrase-index=\"15\">empaquetadas<\/span> <span class=\"JLqJ4b ChMk0b\" style=\"font-size: 16px;\" data-language-for-alternatives=\"es\" data-language-to-translate-into=\"ca\" data-phrase-index=\"16\">se<\/span> <span class=\"JLqJ4b ChMk0b\" style=\"font-size: 16px;\" data-language-for-alternatives=\"es\" data-language-to-translate-into=\"ca\" data-phrase-index=\"17\">trasladar\u00e1n al<\/span> <span class=\"JLqJ4b ChMk0b\" style=\"font-size: 16px;\" data-language-for-alternatives=\"es\" data-language-to-translate-into=\"ca\" data-phrase-index=\"18\">Castell dels Tres Dragons<\/span><span class=\"JLqJ4b ChMk0b\" style=\"font-size: 16px;\" data-language-for-alternatives=\"es\" data-language-to-translate-into=\"ca\" data-phrase-index=\"20\">,<\/span> <span class=\"JLqJ4b ChMk0b\" style=\"font-size: 16px;\" data-language-for-alternatives=\"es\" data-language-to-translate-into=\"ca\" data-phrase-index=\"21\">en el mismo parque<\/span><span class=\"JLqJ4b ChMk0b\" style=\"font-size: 16px;\" data-language-for-alternatives=\"es\" data-language-to-translate-into=\"ca\" data-phrase-index=\"22\">,<\/span> <span class=\"JLqJ4b ChMk0b\" style=\"font-size: 16px;\" data-language-for-alternatives=\"es\" data-language-to-translate-into=\"ca\" data-phrase-index=\"23\">donde el<\/span> <span class=\"JLqJ4b ChMk0b\" style=\"font-size: 16px;\" data-language-for-alternatives=\"es\" data-language-to-translate-into=\"ca\" data-phrase-index=\"24\">Museo<\/span> <span class=\"JLqJ4b ChMk0b\" style=\"font-size: 16px;\" data-language-for-alternatives=\"es\" data-language-to-translate-into=\"ca\" data-phrase-index=\"25\">aloja<\/span> <span class=\"JLqJ4b ChMk0b\" style=\"font-size: 16px;\" data-language-for-alternatives=\"es\" data-language-to-translate-into=\"ca\" data-phrase-index=\"26\">sus colecciones.<\/span> <span class=\"JLqJ4b ChMk0b\" style=\"font-size: 16px;\" data-language-for-alternatives=\"es\" data-language-to-translate-into=\"ca\" data-phrase-index=\"28\">El traslado de estas<\/span> <span class=\"JLqJ4b ChMk0b\" style=\"font-size: 16px;\" data-language-for-alternatives=\"es\" data-language-to-translate-into=\"ca\" data-phrase-index=\"29\">colecciones<\/span> <span class=\"JLqJ4b ChMk0b\" style=\"font-size: 16px;\" data-language-for-alternatives=\"es\" data-language-to-translate-into=\"ca\" data-phrase-index=\"30\">ha comenzado<\/span> <span class=\"JLqJ4b ChMk0b\" style=\"font-size: 16px;\" data-language-for-alternatives=\"es\" data-language-to-translate-into=\"ca\" data-phrase-index=\"31\">esta semana<\/span> <span class=\"JLqJ4b ChMk0b\" style=\"font-size: 16px;\" data-language-for-alternatives=\"es\" data-language-to-translate-into=\"ca\" data-phrase-index=\"32\">y terminar\u00e1<\/span> <span class=\"JLqJ4b ChMk0b\" style=\"font-size: 16px;\" data-language-for-alternatives=\"es\" data-language-to-translate-into=\"ca\" data-phrase-index=\"33\">en el mes<\/span> <span class=\"JLqJ4b ChMk0b\" style=\"font-size: 16px;\" data-language-for-alternatives=\"es\" data-language-to-translate-into=\"ca\" data-phrase-index=\"34\">de octubre.<\/span><\/p>\n<p><strong>Para m\u00e1s informaci\u00f3n:<\/strong><\/p>\n<ul>\n<li><a href=\"https:\/\/youtu.be\/dszfNOS4z5w\">Rueda de prensa<\/a> que se realiz\u00f3 por streaming el jueves 17 de junio<\/li>\n<li><a href=\"https:\/\/museuciencies.cat\/wp-content\/uploads\/2021\/06\/20210617-NP-v5-projecte-Museu-Martorell.pdf\">Nota de prensa<\/a><\/li>\n<\/ul>\n","protected":false},"excerpt":{"rendered":"<p>El objetivo es ponerlo al d\u00eda, mejorar la permeabilidad con el entorno, y volver a abrirlo al gran p\u00fablico con una exposici\u00f3n permanente sobre la relaci\u00f3n del ser humano y la naturaleza con la evoluci\u00f3n de los museos de ciencias naturales desde los gabinetes de curiosidades hasta la actualidad como hilo conductor. Acoger\u00e1 tambi\u00e9n el [&hellip;]<\/p>\n","protected":false},"author":3,"featured_media":0,"comment_status":"closed","ping_status":"closed","sticky":false,"template":"","format":"standard","meta":{"_acf_changed":false,"_jetpack_memberships_contains_paid_content":false,"footnotes":""},"categories":[2359],"tags":[],"class_list":["post-79482","post","type-post","status-publish","format-standard","hentry","category-museu-de-ciencies-naturals-de-barcelona-es"],"acf":{"destacat_portada":true,"presentacio_socials":[],"publicar_al_quiosc":true,"tambe_us_pot_interessar":"","img_cap":79435,"presenta_peu":false,"imatge_llistat":false,"nou_carrusel":false,"boto_de_link_o_mail":false,"arxius_adjunts":false,"links_associats":false,"presenta_fills":"no","activeu_alerta":false,"text_alerta":""},"jetpack_featured_media_url":"","jetpack_sharing_enabled":true,"_links":{"self":[{"href":"https:\/\/museuciencies.cat\/es\/wp-json\/wp\/v2\/posts\/79482","targetHints":{"allow":["GET"]}}],"collection":[{"href":"https:\/\/museuciencies.cat\/es\/wp-json\/wp\/v2\/posts"}],"about":[{"href":"https:\/\/museuciencies.cat\/es\/wp-json\/wp\/v2\/types\/post"}],"author":[{"embeddable":true,"href":"https:\/\/museuciencies.cat\/es\/wp-json\/wp\/v2\/users\/3"}],"replies":[{"embeddable":true,"href":"https:\/\/museuciencies.cat\/es\/wp-json\/wp\/v2\/comments?post=79482"}],"version-history":[{"count":0,"href":"https:\/\/museuciencies.cat\/es\/wp-json\/wp\/v2\/posts\/79482\/revisions"}],"wp:attachment":[{"href":"https:\/\/museuciencies.cat\/es\/wp-json\/wp\/v2\/media?parent=79482"}],"wp:term":[{"taxonomy":"category","embeddable":true,"href":"https:\/\/museuciencies.cat\/es\/wp-json\/wp\/v2\/categories?post=79482"},{"taxonomy":"post_tag","embeddable":true,"href":"https:\/\/museuciencies.cat\/es\/wp-json\/wp\/v2\/tags?post=79482"}],"curies":[{"name":"wp","href":"https:\/\/api.w.org\/{rel}","templated":true}]}}