{"id":73899,"date":"2020-12-18T11:48:55","date_gmt":"2020-12-18T10:48:55","guid":{"rendered":"https:\/\/museuciencies.cat\/nadal-al-museu\/"},"modified":"2020-12-18T12:37:51","modified_gmt":"2020-12-18T11:37:51","slug":"nadal-al-museu","status":"publish","type":"post","link":"https:\/\/museuciencies.cat\/es\/nadal-al-museu\/","title":{"rendered":"Navidad en el Museo"},"content":{"rendered":"<h3>Esta Navidad os invitamos a que veng\u00e1is a disfrutar de las exposiciones temporales en el Museo<\/h3>\n<ul>\n<li><a href=\"https:\/\/museuciencies.cat\/exposicio_temporal\/vampirs-al-forum\/\">Vampirs al F\u00f2rum!<\/a><\/li>\n<\/ul>\n<p><img loading=\"lazy\" decoding=\"async\" data-attachment-id=\"73613\" data-permalink=\"https:\/\/museuciencies.cat\/es\/2020-12-10_vampirs_forum_previ-2\/\" data-orig-file=\"https:\/\/museuciencies.cat\/wp-content\/uploads\/2020\/12\/2020-12-10_vampirs_forum_previ.jpg\" data-orig-size=\"250,250\" data-comments-opened=\"0\" data-image-meta=\"{&quot;aperture&quot;:&quot;0&quot;,&quot;credit&quot;:&quot;&quot;,&quot;camera&quot;:&quot;&quot;,&quot;caption&quot;:&quot;&quot;,&quot;created_timestamp&quot;:&quot;0&quot;,&quot;copyright&quot;:&quot;&quot;,&quot;focal_length&quot;:&quot;0&quot;,&quot;iso&quot;:&quot;0&quot;,&quot;shutter_speed&quot;:&quot;0&quot;,&quot;title&quot;:&quot;&quot;,&quot;orientation&quot;:&quot;0&quot;}\" data-image-title=\"2020-12-10_vampirs_forum_previ\" data-image-description=\"\" data-image-caption=\"\" data-medium-file=\"https:\/\/museuciencies.cat\/wp-content\/uploads\/2020\/12\/2020-12-10_vampirs_forum_previ.jpg\" data-large-file=\"https:\/\/museuciencies.cat\/wp-content\/uploads\/2020\/12\/2020-12-10_vampirs_forum_previ.jpg\" class=\"alignnone wp-image-73613\" src=\"https:\/\/museuciencies.cat\/wp-content\/uploads\/2020\/12\/2020-12-10_vampirs_forum_previ.jpg\" alt=\"\" width=\"249\" height=\"249\" \/><\/p>\n<p><strong>Las historias naturales de Joan Perucho y la ciencia de la ilustraci\u00f3n<\/strong><\/p>\n<p><em>Las historias naturales<\/em> de Joan Perucho (1920-2003) es una de las novelas m\u00e1s singulares de la literatura fant\u00e1stica del siglo XX. Publicada en catal\u00e1n en 1960 y en castellano en 1968, se ha traducido en una decena de lenguas. En 1992 Harold Bloom la incluy\u00f3 en el Canon Occidental.<\/p>\n<ul>\n<li><a href=\"https:\/\/museuciencies.cat\/es\/exposicio_temporal\/outbreak-epidemies-en-un-mon-connectat\/\">Outbreak<\/a><\/li>\n<\/ul>\n<p><img loading=\"lazy\" decoding=\"async\" data-attachment-id=\"69994\" data-permalink=\"https:\/\/museuciencies.cat\/es\/pandemies-2\/\" data-orig-file=\"https:\/\/museuciencies.cat\/wp-content\/uploads\/2020\/08\/Pandemies.jpg\" data-orig-size=\"290,153\" data-comments-opened=\"0\" data-image-meta=\"{&quot;aperture&quot;:&quot;0&quot;,&quot;credit&quot;:&quot;&quot;,&quot;camera&quot;:&quot;&quot;,&quot;caption&quot;:&quot;&quot;,&quot;created_timestamp&quot;:&quot;0&quot;,&quot;copyright&quot;:&quot;&quot;,&quot;focal_length&quot;:&quot;0&quot;,&quot;iso&quot;:&quot;0&quot;,&quot;shutter_speed&quot;:&quot;0&quot;,&quot;title&quot;:&quot;&quot;,&quot;orientation&quot;:&quot;1&quot;}\" data-image-title=\"Pandemies\" data-image-description=\"\" data-image-caption=\"\" data-medium-file=\"https:\/\/museuciencies.cat\/wp-content\/uploads\/2020\/08\/Pandemies.jpg\" data-large-file=\"https:\/\/museuciencies.cat\/wp-content\/uploads\/2020\/08\/Pandemies.jpg\" class=\"alignnone size-full wp-image-69994\" src=\"https:\/\/museuciencies.cat\/wp-content\/uploads\/2020\/08\/Pandemies.jpg\" alt=\"\" width=\"290\" height=\"153\" \/><\/p>\n<p><strong>Outbreak: Epidemias en un mundo conectado<\/strong><\/p>\n<p>Organizada por el <em>Smithsonian National Museum of Natural History<\/em> (Washington D.C.) en colaboraci\u00f3n con la OIE (Organizaci\u00f3n Mundial de la Sanidad Animal) y otras instituciones internacionales, coincidiendo con el centenario de la famosa pandemia de la gripe en\u00a01918.<\/p>\n<div class=\"inline-block item__selector card__wrapper width--full item__wrapper list muuri-item muuri-item-shown\">\n<div class=\"items inlinefix layout center-justified\">\n<div id=\"cardContainer\" class=\"card__container layout width--full transition--xfast relative \">\n<div class=\"item-card item-card--note layout horizontal list br--s \">\n<div class=\"width--full\">\n<div class=\"text block \">\n<h3 id=\"immersive-reader-button\" class=\"immersive-reader-button list\" role=\"button\" aria-label=\"Immersive Reader\">Y de un mont\u00f3n de actividades programadas<\/h3>\n<\/div>\n<\/div>\n<\/div>\n<\/div>\n<\/div>\n<\/div>\n<div class=\"inline-block item__selector card__wrapper width--full item__wrapper list muuri-item muuri-item-shown\">\n<div class=\"items inlinefix layout center-justified\">\n<div id=\"cardContainer\" class=\"card__container layout width--full transition--xfast relative \">\n<div class=\"item-card item-card--link list scraping-false \">\n<div class=\"item__content layout vertical \">\n<ul>\n<li class=\"flex\"><a href=\"https:\/\/museuciencies.cat\/activitats\/un-niu-dhistories-2-2020-12-22\/\"><span class=\"block wk-ui-text title fs--ml fw--sb \">Un Niu d&#8217;hist\u00f2ries!<\/span><\/a>\n<div class=\"description\">Qu\u00e9 relatos esconden detr\u00e1s de los materiales naturales? Proponemos crear historias a partir de varios elementos del bosque. Dejemos volar la imaginaci\u00f3n?<\/div>\n<\/li>\n<\/ul>\n<\/div>\n<\/div>\n<\/div>\n<\/div>\n<\/div>\n<div class=\"inline-block item__selector card__wrapper width--full item__wrapper list muuri-item muuri-item-shown\">\n<div class=\"items inlinefix layout center-justified\">\n<div id=\"cardContainer\" class=\"card__container layout width--full transition--xfast relative \">\n<div class=\"item-card item-card--link list scraping-false \">\n<div class=\"item__content layout vertical \">\n<ul>\n<li class=\"flex\"><a href=\"https:\/\/museuciencies.cat\/activitats\/natura-de-prop-vampirs-i-perucho-alls-verdolagues-i-plantes-carnivores-2020-12-22\/\"><span class=\"block wk-ui-text title fs--ml fw--sb \">Natura de prop &#8211; Vampirs i Perucho. Alls, verdolagues i plantes carn\u00edvores<\/span><\/a>\n<div class=\"description\">Observaremos elementos vegetales, mediante instrumentos \u00f3pticos, relacionados con la exposici\u00f3n temporal \u00abVampiros en el Forum\u00bb y la obra de Perucho.<\/div>\n<\/li>\n<\/ul>\n<\/div>\n<\/div>\n<\/div>\n<\/div>\n<\/div>\n<div class=\"inline-block item__selector card__wrapper width--full item__wrapper list muuri-item muuri-item-shown\">\n<div class=\"items inlinefix layout center-justified\">\n<div id=\"cardContainer\" class=\"card__container layout width--full transition--xfast relative \">\n<div class=\"item-card item-card--link list scraping-false \">\n<div class=\"item__content layout vertical \">\n<ul>\n<li class=\"flex\"><a href=\"https:\/\/museuciencies.cat\/activitats\/entre-llums-i-ombres-2021-11-16\/\"><span class=\"block wk-ui-text title fs--ml fw--sb \">Entre llums i ombres<\/span><\/a>\n<div class=\"description\">Proyectaremos sombras y nos inspiraremos en sus contornos para crear, con nuestro propio trazo, formas de vida y paisajes.<\/div>\n<\/li>\n<\/ul>\n<\/div>\n<\/div>\n<\/div>\n<\/div>\n<\/div>\n<div class=\"inline-block item__selector card__wrapper width--full item__wrapper list muuri-item muuri-item-shown\">\n<div class=\"items inlinefix layout center-justified\">\n<div id=\"cardContainer\" class=\"card__container layout width--full transition--xfast relative \">\n<div class=\"item-card item-card--link list scraping-false \">\n<div class=\"item__content layout vertical \">\n<ul>\n<li class=\"flex\"><a href=\"https:\/\/museuciencies.cat\/activitats\/visita-guiada-al-terrat-viu-2020-12-26\/\"><span class=\"block wk-ui-text title fs--ml fw--sb \">Visita guiada al Terrat Viu<\/span><\/a>\n<div class=\"description\">Ven a descubrir un espacio verde de vegetaci\u00f3n adaptada a la proximidad del mar, en l\u00ednea con las nuevas actuaciones ambientales.<\/div>\n<\/li>\n<\/ul>\n<\/div>\n<\/div>\n<\/div>\n<\/div>\n<\/div>\n<div class=\"inline-block item__selector card__wrapper width--full item__wrapper list muuri-item muuri-item-shown\">\n<div class=\"items inlinefix layout center-justified\">\n<div id=\"cardContainer\" class=\"card__container layout width--full transition--xfast relative \">\n<div class=\"item-card item-card--link list scraping-false \">\n<div class=\"item__content layout vertical \">\n<ul>\n<li class=\"flex\"><a href=\"https:\/\/museuciencies.cat\/activitats\/perucho-breakout\/\"><span class=\"block wk-ui-text title fs--ml fw--sb \">Perucho Breakout<\/span><\/a>\n<div class=\"description\">Bienvenidos al scape room online #PeruchoBreakout! Encuentra la corona de la princesa Blanca de Salona para que se pueda llevar a cabo la ceremonia que la legitimar\u00e1 como nueva reina&#8230; \u00a1en 45 minutos!<\/div>\n<\/li>\n<\/ul>\n<\/div>\n<\/div>\n<\/div>\n<\/div>\n<\/div>\n<div class=\"inline-block item__selector card__wrapper width--full item__wrapper list muuri-item muuri-item-shown\">\n<div class=\"items inlinefix layout center-justified\">\n<div id=\"cardContainer\" class=\"card__container layout width--full transition--xfast relative \">\n<div class=\"item-card item-card--link list scraping-false \">\n<div class=\"item__content layout vertical \">\n<ul>\n<li class=\"flex\"><a href=\"https:\/\/museuciencies.cat\/activitats\/museum-quiz-familiar-2020-12-27\/\"><span class=\"block wk-ui-text title fs--ml fw--sb \">Museum Quiz familiar<\/span><\/a>\n<div class=\"domain layout horizontal center text--secondary\">Una nueva edici\u00f3n del juego de preguntas y respuestas donde las familias juegan en equipo para poner a probar sus conocimientos.<\/div>\n<\/li>\n<\/ul>\n<\/div>\n<\/div>\n<\/div>\n<\/div>\n<\/div>\n","protected":false},"excerpt":{"rendered":"<p>Esta Navidad os invitamos a que veng\u00e1is a disfrutar de las exposiciones temporales en el Museo Vampirs al F\u00f2rum! Las historias naturales de Joan Perucho y la ciencia de la ilustraci\u00f3n Las historias naturales de Joan Perucho (1920-2003) es una de las novelas m\u00e1s singulares de la literatura fant\u00e1stica del siglo XX. Publicada en catal\u00e1n [&hellip;]<\/p>\n","protected":false},"author":3,"featured_media":0,"comment_status":"closed","ping_status":"closed","sticky":false,"template":"","format":"standard","meta":{"_acf_changed":false,"_jetpack_memberships_contains_paid_content":false,"footnotes":""},"categories":[2359],"tags":[],"class_list":["post-73899","post","type-post","status-publish","format-standard","hentry","category-museu-de-ciencies-naturals-de-barcelona-es"],"acf":{"text_alerta":"","activeu_alerta":false,"presenta_fills":"no","links_associats":false,"arxius_adjunts":false,"boto_de_link_o_mail":false,"nou_carrusel":false,"imatge_llistat":false,"presenta_peu":false,"img_cap":73862,"tambe_us_pot_interessar":"","presentacio_socials":[],"destacat_portada":false},"jetpack_featured_media_url":"","jetpack_sharing_enabled":true,"_links":{"self":[{"href":"https:\/\/museuciencies.cat\/es\/wp-json\/wp\/v2\/posts\/73899","targetHints":{"allow":["GET"]}}],"collection":[{"href":"https:\/\/museuciencies.cat\/es\/wp-json\/wp\/v2\/posts"}],"about":[{"href":"https:\/\/museuciencies.cat\/es\/wp-json\/wp\/v2\/types\/post"}],"author":[{"embeddable":true,"href":"https:\/\/museuciencies.cat\/es\/wp-json\/wp\/v2\/users\/3"}],"replies":[{"embeddable":true,"href":"https:\/\/museuciencies.cat\/es\/wp-json\/wp\/v2\/comments?post=73899"}],"version-history":[{"count":0,"href":"https:\/\/museuciencies.cat\/es\/wp-json\/wp\/v2\/posts\/73899\/revisions"}],"wp:attachment":[{"href":"https:\/\/museuciencies.cat\/es\/wp-json\/wp\/v2\/media?parent=73899"}],"wp:term":[{"taxonomy":"category","embeddable":true,"href":"https:\/\/museuciencies.cat\/es\/wp-json\/wp\/v2\/categories?post=73899"},{"taxonomy":"post_tag","embeddable":true,"href":"https:\/\/museuciencies.cat\/es\/wp-json\/wp\/v2\/tags?post=73899"}],"curies":[{"name":"wp","href":"https:\/\/api.w.org\/{rel}","templated":true}]}}