{"id":68357,"date":"2020-05-14T12:38:59","date_gmt":"2020-05-14T11:38:59","guid":{"rendered":"https:\/\/museuciencies.cat\/el-museu-participa-del-dia-internacional-dels-museus\/"},"modified":"2020-05-17T10:57:56","modified_gmt":"2020-05-17T09:57:56","slug":"el-museu-participa-del-dia-internacional-dels-museus","status":"publish","type":"post","link":"https:\/\/museuciencies.cat\/es\/el-museu-participa-del-dia-internacional-dels-museus\/","title":{"rendered":"El Museu en el D\u00eda Internacional de los Museos"},"content":{"rendered":"<p>El pr\u00f3ximo lunes 18 de mayo se celebra en todo el mundo el <strong>D\u00eda Internacional de los Museos #DIM2020, con el tema \u00abMuseos para la igualdad: diversidad e inclusi\u00f3n\u00bb. <\/strong><\/p>\n<p>Para esta edici\u00f3n el Museo de Ciencias Naturales de Barcelona ha organizado estas actividades:<\/p>\n<h3>#ConversesNat: G\u00e9nero, infancia y vulnerabilidades: Buenas pr\u00e1cticas, necesidades y retos en un museo diverso y inclusivo<\/h3>\n<p>\u00bfCu\u00e1l es la situaci\u00f3n actual de la inclusi\u00f3n de g\u00e9nero, de la infancia y de los colectivos vulnerables? \u00bfExiste inter\u00e9s y sensibilidad por parte de las instituciones? \u00bfHay una traducci\u00f3n real de la diversidad en los museos? \u00bfHay prejuicios en las historias que se cuentan? \u00bfQu\u00e9 experiencias y buenas pr\u00e1cticas se pueden poner como ejemplo? \u00bfQu\u00e9 carencias son las m\u00e1s frecuentes? \u00bfCu\u00e1les son los retos en una sociedad diversa, cambiante y compleja?<\/p>\n<p><img loading=\"lazy\" decoding=\"async\" class=\"aligncenter size-full wp-image-68223\" src=\"https:\/\/museuciencies.cat\/wp-content\/uploads\/2020\/05\/2020-05-18_museuacasa_converses_nat_interior.jpg\" alt=\"\" width=\"494\" height=\"501\" \/><\/p>\n<p>&nbsp;<\/p>\n<p>A trav\u00e9s del canal de Instagram (<a href=\"https:\/\/www.instagram.com\/museuciencies\/\" target=\"_blank\" rel=\"noopener noreferrer\">https:\/\/www.instagram.com\/museuciencies\/<\/a>), el acto contar\u00e1 con tres grandes profesionales: Ricard Huerta (Catedr\u00e1tico de Educaci\u00f3n Art\u00edstica de la Universidad de Valencia y director de Museari), Montserrat Pedreira (Directora del Grado de Educaci\u00f3n Infantil de la Universidad de Manresa) y Claudia Torner (Coordinadora de proyectos del programa Apropa Cultura, organizaci\u00f3n que vela por garantizar el acceso a la cultura de colectivos vulnerables). Moderar\u00e1 el acto la periodista Anna Perez Pag\u00e8s, directora y presentadora del magazine cultural \u00ab\u00c1rtic\u00bb de Betev\u00e9.<\/p>\n<p>Los tres invitados comentar\u00e1n estas y muchas otras cuestiones y tambi\u00e9n responder\u00e1n las preguntas y comentarios que los participantes podr\u00e1n hacer llegar en directo a trav\u00e9s del canal de Instagram.<\/p>\n<p><strong>Informaci\u00f3n pr\u00e1ctica<\/strong><\/p>\n<ul>\n<li>Dia: lunes 18 de mayo<\/li>\n<li>Hora: de 17:30 a 19 h<\/li>\n<li>Canal: Instagram live<\/li>\n<li>Direcci\u00f3n: <a href=\"https:\/\/www.instagram.com\/museuciencies\/\">https:\/\/www.instagram.com\/museuciencies\/<\/a><strong><br \/>\n<\/strong><\/li>\n<li>#ConversesNat<\/li>\n<\/ul>\n<p><strong>Estructura:<\/strong><\/p>\n<ul>\n<li>17:30 a 18:00 h \u2013 Diversidad sexual y de g\u00e9nero,\u00a0 con Ricard Huerta<\/li>\n<li>18:00 a 18:30 h \u2013 Infancia 0-6,\u00a0 con Montserrat Pedreira<\/li>\n<li>18:30 a 19:00 h \u2013 Colectivos en situaci\u00f3n de vulnerabilidad, con Cl\u00e0udia Torner<\/li>\n<\/ul>\n<p>Cada charla tendr\u00e1 una duraci\u00f3n de 30 minutos. Al final del acto se dedicaran 10 minutos a una charla abierta a partir de las preguntas y comentarios formulados por los y las participantes.<\/p>\n<p>M\u00e1s informaci\u00f3n <a href=\"https:\/\/museuciencies.cat\/activitats\/2020-05-18_museuacasa_museu_inclusiu\/\" target=\"_blank\" rel=\"noopener noreferrer\">aqu\u00ed<\/a><\/p>\n<h3><strong>#Marat\u00f3MuseumQuizACasa<\/strong><\/h3>\n<h3>\u00bfQur\u00e9is ser maratonianos?<\/h3>\n<p>Tres d\u00edas intensos para poner a prueba vuestros conocimientos. Casi 50 museos de toda Catalu\u00f1a ofrecen, del 16 al 18 de mayo, el marat\u00f3n del <strong>#MuseumQuizACasa<\/strong>, un concurso de preguntas y respuestas sobre la tem\u00e1tica de los museos participantes.<\/p>\n<p>El concurs0 se propuso a inicios del confinamiento como iniciativa por parte\u00a0 del <a href=\"https:\/\/www.mmb.cat\/\" target=\"_blank\" rel=\"noopener noreferrer\">Museu Mar\u00edtim de Barcelona<\/a> y el <a href=\"http:\/\/museuciencies.cat\">Museu de Ci\u00e8ncies Naturals de Barcelona<\/a>. El \u00e9xito de participaci\u00f3n de otros museoss y del p\u00fablico ( 50 museos y casi 15.000 personas), han animado a los museos a unirse de nuevo para proponer esta intensa marat\u00f3n.<\/p>\n<p><img loading=\"lazy\" decoding=\"async\" class=\"aligncenter size-full wp-image-67680\" src=\"https:\/\/museuciencies.cat\/wp-content\/uploads\/2020\/03\/2020-03_museuacasa_museum_quiz_a_casa_interior.png\" alt=\"\" width=\"494\" height=\"501\" \/><\/p>\n<p><strong>Informaci\u00f3n pr\u00e0ctica<\/strong><\/p>\n<ul>\n<li>Dia: del 16 al 18 de mayo<\/li>\n<li>Hora: de les 8:00 h del dia 16 a les 24:00 h del dia 18<\/li>\n<li>URL: <a href=\"http:\/\/www.museumquizacasa.org\">www.museumquizacasa.org<\/a><\/li>\n<li><strong>#Marat\u00f3MuseumQuizACasa<\/strong><\/li>\n<\/ul>\n<p><strong>Estructura de la actividad<\/strong><\/p>\n<p>Dos modalidades para participar:<\/p>\n<ul>\n<li><strong>Modalidad Familiar<\/strong>: la marat\u00f3n familiar del Museumquiz incluye 20 concursos con los que virtualmente podr\u00e9is rec\u00f3rrer 20 museos catalanes. Cada concurso est\u00e0 dedicado a la tem\u00e1tica espec\u00edfica de un museo.<\/li>\n<li><strong>Modalidad Adultos<\/strong>: \u00a0la marat\u00f3n para adultos del Museumquiz consta de 5 etapas.\u00a0 Preguntas de diversos museos y tem\u00e1ticas se mezclan en un mismo concurso.<\/li>\n<\/ul>\n<p>Os haremos preguntas de temas de actualidad, locuciones y frases hechas, cultura popular, artes (m\u00fasica, cine, pintura, escultura, grabado, dise\u00f1o, etc.) y curiosidades, con especial atenci\u00f3n al patrimonio cultural de cada uno de los museos participantes. Si particip\u00e1is en la modalidad familiar os recomendamos que cada equipo est\u00e9 formado por un m\u00ednimo de 2 y un m\u00e1ximo de 5 personas.<\/p>\n<p>Las dos versiones del concurso se jugaran a trav\u00e9s de la plataforma kahoot!, accessible en la URL <a href=\"http:\/\/www.museumquizacasa.org\">www.museumquizacasa.org<\/a> (activo a partir del 16 de mayo). Se puede participar con cualquier dispositivo electr\u00f3nico, m\u00f2bil, tablets o ordenador, clicando sobre cada fecha disponible.<\/p>\n<p>M\u00e1s informaci\u00f3 en este <a href=\"https:\/\/museuciencies.cat\/activitats\/16-05-2020_museuacasa_museum_quiz\/\" target=\"_blank\" rel=\"noopener noreferrer\">enlace.<\/a><\/p>\n","protected":false},"excerpt":{"rendered":"<p>El pr\u00f3ximo lunes 18 de mayo se celebra en todo el mundo el D\u00eda Internacional de los Museos #DIM2020, con el tema \u00abMuseos para la igualdad: diversidad e inclusi\u00f3n\u00bb. Para esta edici\u00f3n el Museo de Ciencias Naturales de Barcelona ha organizado estas actividades: #ConversesNat: G\u00e9nero, infancia y vulnerabilidades: Buenas pr\u00e1cticas, necesidades y retos en un [&hellip;]<\/p>\n","protected":false},"author":3,"featured_media":0,"comment_status":"closed","ping_status":"closed","sticky":false,"template":"","format":"standard","meta":{"_acf_changed":false,"_jetpack_memberships_contains_paid_content":false,"footnotes":""},"categories":[2359],"tags":[],"class_list":["post-68357","post","type-post","status-publish","format-standard","hentry","category-museu-de-ciencies-naturals-de-barcelona-es"],"acf":{"destacat_portada":true,"presentacio_socials":[],"tambe_us_pot_interessar":"","img_cap":68289,"presenta_peu":false,"imatge_llistat":false,"nou_carrusel":false,"boto_de_link_o_mail":false,"arxius_adjunts":false,"links_associats":false,"presenta_fills":"no","activeu_alerta":false,"text_alerta":""},"jetpack_featured_media_url":"","jetpack_sharing_enabled":true,"_links":{"self":[{"href":"https:\/\/museuciencies.cat\/es\/wp-json\/wp\/v2\/posts\/68357","targetHints":{"allow":["GET"]}}],"collection":[{"href":"https:\/\/museuciencies.cat\/es\/wp-json\/wp\/v2\/posts"}],"about":[{"href":"https:\/\/museuciencies.cat\/es\/wp-json\/wp\/v2\/types\/post"}],"author":[{"embeddable":true,"href":"https:\/\/museuciencies.cat\/es\/wp-json\/wp\/v2\/users\/3"}],"replies":[{"embeddable":true,"href":"https:\/\/museuciencies.cat\/es\/wp-json\/wp\/v2\/comments?post=68357"}],"version-history":[{"count":0,"href":"https:\/\/museuciencies.cat\/es\/wp-json\/wp\/v2\/posts\/68357\/revisions"}],"wp:attachment":[{"href":"https:\/\/museuciencies.cat\/es\/wp-json\/wp\/v2\/media?parent=68357"}],"wp:term":[{"taxonomy":"category","embeddable":true,"href":"https:\/\/museuciencies.cat\/es\/wp-json\/wp\/v2\/categories?post=68357"},{"taxonomy":"post_tag","embeddable":true,"href":"https:\/\/museuciencies.cat\/es\/wp-json\/wp\/v2\/tags?post=68357"}],"curies":[{"name":"wp","href":"https:\/\/api.w.org\/{rel}","templated":true}]}}