{"id":64696,"date":"2019-10-11T10:30:08","date_gmt":"2019-10-11T09:30:08","guid":{"rendered":"https:\/\/museuciencies.cat\/concurs-a-instagram-exposicio-som-natura\/"},"modified":"2019-10-15T10:18:50","modified_gmt":"2019-10-15T09:18:50","slug":"concurs-a-instagram-exposicio-som-natura","status":"publish","type":"post","link":"https:\/\/museuciencies.cat\/es\/concurs-a-instagram-exposicio-som-natura\/","title":{"rendered":"Concurso en Instagram exposici\u00f3n Som Natura"},"content":{"rendered":"<h3>\u00bfQu\u00e9 haces t\u00fa para mejorar la salud de nuestro planeta?<\/h3>\n<p>\u00bfOs preocupa el deterioro creciente de nuestro planeta, el estado de emergencia clim\u00e1tica en la que nos encontramos? Te invitamos a participar en el concurso en Instagram <strong>#ActuaSomNatura<\/strong>.<\/p>\n<h3>\u00bfQui\u00e9n puede participar?<\/h3>\n<p>Pueden participar todas aquellas personas mayores de 18 a\u00f1os. S\u00f3lo se aceptar\u00e1 un v\u00eddeo por participante.<\/p>\n<h3>\u00bfC\u00f3mo participar?<\/h3>\n<ul>\n<li>Haz un video de unos <strong>20 segundos<\/strong> explicando qu\u00e9 haces t\u00fa para mejorar la salud de nuestro planeta.<\/li>\n<li>Etiqueta el v\u00eddeo con el hashtag #<strong>ActuaSomNatura + @museuciencies<\/strong><\/li>\n<li>Recuerda que debes tener la cuenta personal de Instagram en formato NO privado, o sea P\u00daBLICO y en abierto, para que el museo reciba tu publicaci\u00f3n.<\/li>\n<li>Los v\u00eddeos deben incluir im\u00e1genes in\u00e9ditas y personales, ya sea grabado con tel\u00e9fono m\u00f3vil o con c\u00e1mara de v\u00eddeo. <strong>El v\u00eddeo m\u00e1s original y con la mejor propuesta, ser\u00e1 el ganador del premio.<\/strong><\/li>\n<li>Puedes participar <strong>desde el 11 de octubre hasta el 3 de noviembre.<\/strong><\/li>\n<\/ul>\n<h3>Premio<\/h3>\n<p>El premio consistir\u00e1 en un lote de productos de la exposici\u00f3n Som Natura : una bolsa de ropa, una camiseta y el libro de la <a href=\"https:\/\/museuciencies.cat\/es\/exposicio_temporal\/som-natura\/\" target=\"_blank\" rel=\"noopener noreferrer\">exposici\u00f3n<\/a>: <em>Som Natura. El repte de l\u2019Antropoc\u00e8.<\/em><\/p>\n<p><img loading=\"lazy\" decoding=\"async\" data-attachment-id=\"64653\" data-permalink=\"https:\/\/museuciencies.cat\/es\/concurs-a-instagram-exposicio-som-natura\/20191011_102859-2\/\" data-orig-file=\"https:\/\/museuciencies.cat\/wp-content\/uploads\/2019\/10\/20191011_102859-e1571054258995.jpg\" data-orig-size=\"2268,4032\" data-comments-opened=\"0\" data-image-meta=\"{&quot;aperture&quot;:&quot;1.7&quot;,&quot;credit&quot;:&quot;&quot;,&quot;camera&quot;:&quot;SM-G935F&quot;,&quot;caption&quot;:&quot;&quot;,&quot;created_timestamp&quot;:&quot;1570789739&quot;,&quot;copyright&quot;:&quot;&quot;,&quot;focal_length&quot;:&quot;4.2&quot;,&quot;iso&quot;:&quot;160&quot;,&quot;shutter_speed&quot;:&quot;0.02&quot;,&quot;title&quot;:&quot;&quot;,&quot;orientation&quot;:&quot;6&quot;}\" data-image-title=\"20191011_102859\" data-image-description=\"\" data-image-caption=\"\" data-medium-file=\"https:\/\/museuciencies.cat\/wp-content\/uploads\/2019\/10\/20191011_102859-e1571054258995-346x615.jpg\" data-large-file=\"https:\/\/museuciencies.cat\/wp-content\/uploads\/2019\/10\/20191011_102859-e1571054258995-576x1024.jpg\" class=\"aligncenter size-medium wp-image-64653\" src=\"https:\/\/museuciencies.cat\/wp-content\/uploads\/2019\/10\/20191011_102859-e1571054258995-346x615.jpg\" alt=\"\" width=\"346\" height=\"615\" srcset=\"https:\/\/museuciencies.cat\/wp-content\/uploads\/2019\/10\/20191011_102859-e1571054258995-346x615.jpg 346w, https:\/\/museuciencies.cat\/wp-content\/uploads\/2019\/10\/20191011_102859-e1571054258995-768x1365.jpg 768w, https:\/\/museuciencies.cat\/wp-content\/uploads\/2019\/10\/20191011_102859-e1571054258995-576x1024.jpg 576w\" sizes=\"auto, (max-width: 346px) 100vw, 346px\" \/><\/p>\n<p>&nbsp;<\/p>\n<p>El premiado o premiada se dar\u00e1 a conocer el pr\u00f3ximo 8 de noviembre a trav\u00e9s de la web y las redes sociales del Museo.<\/p>\n<p>Un jurado formado por miembros del equipo del Museo seleccionar\u00e1 el v\u00eddeo m\u00e1s original y con la mejor propuesta.<\/p>\n<p>Pod\u00e9is consultar el resto de las bases en este\u00a0<a href=\"https:\/\/museuciencies.cat\/wp-content\/uploads\/2019\/10\/BASES-QUE-REGEIXEN-ELS-CONCURSOS-CONVOCATS-PEL-MUSEU-DE-CI\u00c8NCIES-NATURALS-DE-BARCELONA-A-LES-SEVES-XARXES-SOCIALS.pdf\" target=\"_blank\" rel=\"noopener noreferrer\">enla\u00e7e<\/a>. ( en catal\u00e1n).<\/p>\n","protected":false},"excerpt":{"rendered":"<p>\u00bfQu\u00e9 haces t\u00fa para mejorar la salud de nuestro planeta? \u00bfOs preocupa el deterioro creciente de nuestro planeta, el estado de emergencia clim\u00e1tica en la que nos encontramos? Te invitamos a participar en el concurso en Instagram #ActuaSomNatura. \u00bfQui\u00e9n puede participar? Pueden participar todas aquellas personas mayores de 18 a\u00f1os. S\u00f3lo se aceptar\u00e1 un v\u00eddeo [&hellip;]<\/p>\n","protected":false},"author":2,"featured_media":0,"comment_status":"closed","ping_status":"closed","sticky":false,"template":"","format":"standard","meta":{"_acf_changed":false,"_jetpack_memberships_contains_paid_content":false,"footnotes":""},"categories":[2359],"tags":[2962,2963],"class_list":["post-64696","post","type-post","status-publish","format-standard","hentry","category-museu-de-ciencies-naturals-de-barcelona-es","tag-actua-es","tag-actua-som-natura-es"],"acf":{"destacat_portada":true,"presentacio_socials":[],"tambe_us_pot_interessar":"","img_cap":60850,"presenta_peu":false,"imatge_llistat":false,"nou_carrusel":false,"boto_de_link_o_mail":false,"arxius_adjunts":false,"links_associats":false,"presenta_fills":"no","activeu_alerta":false,"text_alerta":""},"jetpack_featured_media_url":"","jetpack_sharing_enabled":true,"_links":{"self":[{"href":"https:\/\/museuciencies.cat\/es\/wp-json\/wp\/v2\/posts\/64696","targetHints":{"allow":["GET"]}}],"collection":[{"href":"https:\/\/museuciencies.cat\/es\/wp-json\/wp\/v2\/posts"}],"about":[{"href":"https:\/\/museuciencies.cat\/es\/wp-json\/wp\/v2\/types\/post"}],"author":[{"embeddable":true,"href":"https:\/\/museuciencies.cat\/es\/wp-json\/wp\/v2\/users\/2"}],"replies":[{"embeddable":true,"href":"https:\/\/museuciencies.cat\/es\/wp-json\/wp\/v2\/comments?post=64696"}],"version-history":[{"count":0,"href":"https:\/\/museuciencies.cat\/es\/wp-json\/wp\/v2\/posts\/64696\/revisions"}],"wp:attachment":[{"href":"https:\/\/museuciencies.cat\/es\/wp-json\/wp\/v2\/media?parent=64696"}],"wp:term":[{"taxonomy":"category","embeddable":true,"href":"https:\/\/museuciencies.cat\/es\/wp-json\/wp\/v2\/categories?post=64696"},{"taxonomy":"post_tag","embeddable":true,"href":"https:\/\/museuciencies.cat\/es\/wp-json\/wp\/v2\/tags?post=64696"}],"curies":[{"name":"wp","href":"https:\/\/api.w.org\/{rel}","templated":true}]}}