{"id":46453,"date":"2017-12-01T10:16:16","date_gmt":"2017-12-01T08:16:16","guid":{"rendered":"https:\/\/museuciencies.cat\/sumem-dia-internacional-persones-discapacitat\/"},"modified":"2017-12-12T14:31:24","modified_gmt":"2017-12-12T12:31:24","slug":"sumem-dia-internacional-persones-discapacitat","status":"publish","type":"post","link":"https:\/\/museuciencies.cat\/es\/sumem-dia-internacional-persones-discapacitat\/","title":{"rendered":"Nos sumamos al D\u00eda Internacional de las Personas con Discapacidad"},"content":{"rendered":"<p>El pr\u00f3ximo domingo 3 de diciembre es el D\u00eda Internacional de las Personas con Discapacidad.<\/p>\n<p>El Museo apoya y se suma a la <strong>reivindicaci\u00f3n del derecho de todos a la cultura<\/strong>.<\/p>\n<p>El Museo tiene un programa global de accesibilidad tanto f\u00edsica como comunicativa para promover la igualdad de acceso de todas las personas con independencia de su edad o diversidad funcional f\u00edsica o intelectual.<\/p>\n<p>Entre las diversas acciones de accesibilidad que lleva a cabo est\u00e1n:<\/p>\n<ul>\n<li>Visitas guiadas adaptadas para personas con discapacidad visual e intelectual que se programan seg\u00fan la demanda de estos colectivos. Actualmente, el Museo trabaja en la implementaci\u00f3n de nuevos proyectos, entre los que destaca la ampliaci\u00f3n de visitas guiadas para personas con trastornos de salud mental, as\u00ed como enfermos de Alzheimer. Tambi\u00e9n se lleva a cabo formaci\u00f3n espec\u00edfica del personal de atenci\u00f3n al p\u00fablico y educadores.<\/li>\n<li>Recursos expositivos:<\/li>\n<\/ul>\n<ul>\n<li style=\"list-style-type: none;\">\n<ul>\n<li>para personas con discapacidad visual, el Museo dispone de se\u00f1alizaci\u00f3n de los servicios b\u00e1sicos, enrutador podot\u00e1ctil de acceso al mostrador de informaci\u00f3n, plano t\u00e1ctil, folleto en grandes caracteres y en Braille, mesas interactivas con objetos originales y maquetas que se pueden tocar, con esquemas en relieve y textos en grandes caracteres y Braille,<\/li>\n<li>para personas con discapacidad auditiva, dispone de anillo magn\u00e9tico tanto en las taquillas como en la sala de actos, audiovisuales y pantallas interactivas en los tres idiomas,<\/li>\n<li>para personas con movilidad reducida, la exposici\u00f3n \u00abPlaneta Vida\u00bb es totalmente accesible en silla de ruedas y en el Jard\u00edn Bot\u00e1nico se pueden desplazar por todas las \u00e1reas del Jard\u00edn a trav\u00e9s de caminos y rampas.<\/li>\n<\/ul>\n<\/li>\n<li>El Museo tambi\u00e9n trabaja para hacerlo accesible a personas con autismo con medidas como pictogramas en el Nido de Ciencia, espacio dedicado a ni\u00f1os de 0 a 6 a\u00f1os.<\/li>\n<\/ul>\n","protected":false},"excerpt":{"rendered":"<p>El pr\u00f3ximo domingo 3 de diciembre es el D\u00eda Internacional de las Personas con Discapacidad. El Museo apoya y se suma a la reivindicaci\u00f3n del derecho de todos a la cultura. El Museo tiene un programa global de accesibilidad tanto f\u00edsica como comunicativa para promover la igualdad de acceso de todas las personas con independencia [&hellip;]<\/p>\n","protected":false},"author":2,"featured_media":0,"comment_status":"closed","ping_status":"closed","sticky":false,"template":"","format":"standard","meta":{"_acf_changed":false,"_jetpack_memberships_contains_paid_content":false,"footnotes":""},"categories":[2359],"tags":[],"class_list":["post-46453","post","type-post","status-publish","format-standard","hentry","category-museu-de-ciencies-naturals-de-barcelona-es"],"acf":{"text_alerta":"","activeu_alerta":false,"presenta_fills":"no","links_associats":false,"arxius_adjunts":false,"boto_de_link_o_mail":false,"nou_carrusel":false,"imatge_llistat":false,"presenta_peu":false,"img_cap":8465,"tambe_us_pot_interessar":"","presentacio_socials":[],"destacat_portada":true},"jetpack_featured_media_url":"","jetpack_sharing_enabled":true,"_links":{"self":[{"href":"https:\/\/museuciencies.cat\/es\/wp-json\/wp\/v2\/posts\/46453","targetHints":{"allow":["GET"]}}],"collection":[{"href":"https:\/\/museuciencies.cat\/es\/wp-json\/wp\/v2\/posts"}],"about":[{"href":"https:\/\/museuciencies.cat\/es\/wp-json\/wp\/v2\/types\/post"}],"author":[{"embeddable":true,"href":"https:\/\/museuciencies.cat\/es\/wp-json\/wp\/v2\/users\/2"}],"replies":[{"embeddable":true,"href":"https:\/\/museuciencies.cat\/es\/wp-json\/wp\/v2\/comments?post=46453"}],"version-history":[{"count":0,"href":"https:\/\/museuciencies.cat\/es\/wp-json\/wp\/v2\/posts\/46453\/revisions"}],"wp:attachment":[{"href":"https:\/\/museuciencies.cat\/es\/wp-json\/wp\/v2\/media?parent=46453"}],"wp:term":[{"taxonomy":"category","embeddable":true,"href":"https:\/\/museuciencies.cat\/es\/wp-json\/wp\/v2\/categories?post=46453"},{"taxonomy":"post_tag","embeddable":true,"href":"https:\/\/museuciencies.cat\/es\/wp-json\/wp\/v2\/tags?post=46453"}],"curies":[{"name":"wp","href":"https:\/\/api.w.org\/{rel}","templated":true}]}}