{"id":46446,"date":"2017-11-24T15:12:52","date_gmt":"2017-11-24T13:12:52","guid":{"rendered":"https:\/\/museuciencies.cat\/cccb-museu-ofereixen-entrada-combinada-seves-exposicions\/"},"modified":"2017-12-12T14:02:10","modified_gmt":"2017-12-12T12:02:10","slug":"cccb-museu-ofereixen-entrada-combinada-seves-exposicions","status":"publish","type":"post","link":"https:\/\/museuciencies.cat\/es\/cccb-museu-ofereixen-entrada-combinada-seves-exposicions\/","title":{"rendered":"El CCCB y el Museo ofrecen entrada combinada a sus exposiciones"},"content":{"rendered":"<p>A partir de esta semana todos los que visiten la exposici\u00f3n<em> Oceans, l&#8217;\u00faltim territori salvatge<\/em> del Museo podr\u00e1n visitar gratuitamente la exposici\u00f3n temporal\u00a0<a href=\"http:\/\/www.cccb.org\/ca\/exposicions\/fitxa\/despres-de-la-fi-del-mon\/224747\" target=\"_blank\" rel=\"noopener noreferrer\"><em>Despr\u00e9s de la fi del m\u00f3n\u00a0<\/em>del CCCB<\/a>\u00a0y<i>\u00a0<\/i>viceversa.<\/p>\n<p>Esta promoci\u00f3n ser\u00e1 v\u00e1lida hasta el 29 d&#8217;abril de 2018, fecha que finaliza la exposici\u00f3n\u00a0<em>Despr\u00e9s de la fi del m\u00f3n.<\/em><\/p>\n<p class=\"jetpack-slideshow-noscript robots-nocontent\">El pase de diapositivas requiere JavaScript.<\/p><div id=\"gallery-46446-1-slideshow\" class=\"jetpack-slideshow-window jetpack-slideshow jetpack-slideshow-black\" data-trans=\"fade\" data-autostart=\"1\" data-gallery=\"[{&quot;src&quot;:&quot;https:\\\/\\\/museuciencies.cat\\\/wp-content\\\/uploads\\\/2017\\\/11\\\/37763271024_6da1a43750_z-615x410.jpg&quot;,&quot;id&quot;:&quot;45361&quot;,&quot;title&quot;:&quot;37763271024_6da1a43750_z&quot;,&quot;alt&quot;:&quot;&quot;,&quot;caption&quot;:&quot;Despr\\u00e9s de la fi del m\\u00f3n, CCCB&quot;,&quot;itemprop&quot;:&quot;image&quot;},{&quot;src&quot;:&quot;https:\\\/\\\/museuciencies.cat\\\/wp-content\\\/uploads\\\/2017\\\/11\\\/37763274894_e70f722b58_z-615x410.jpg&quot;,&quot;id&quot;:&quot;45365&quot;,&quot;title&quot;:&quot;37763274894_e70f722b58_z&quot;,&quot;alt&quot;:&quot;&quot;,&quot;caption&quot;:&quot;Despr\\u00e9s de la fi del m\\u00f3n, CCCB&quot;,&quot;itemprop&quot;:&quot;image&quot;},{&quot;src&quot;:&quot;https:\\\/\\\/museuciencies.cat\\\/wp-content\\\/uploads\\\/2017\\\/10\\\/oceans-26-de-89-615x410.jpg&quot;,&quot;id&quot;:&quot;44995&quot;,&quot;title&quot;:&quot;oceans (26 de 89)&quot;,&quot;alt&quot;:&quot;&quot;,&quot;caption&quot;:&quot;Oceans, l\\u0026#8217;\\u00faltim territori salvatge, MCNB&quot;,&quot;itemprop&quot;:&quot;image&quot;},{&quot;src&quot;:&quot;https:\\\/\\\/museuciencies.cat\\\/wp-content\\\/uploads\\\/2017\\\/10\\\/oceans-45-de-89-615x410.jpg&quot;,&quot;id&quot;:&quot;45003&quot;,&quot;title&quot;:&quot;oceans (45 de 89)&quot;,&quot;alt&quot;:&quot;&quot;,&quot;caption&quot;:&quot;Oceans, l\\u0026#8217;\\u00faltim territori salvatge, MCNB&quot;,&quot;itemprop&quot;:&quot;image&quot;},{&quot;src&quot;:&quot;https:\\\/\\\/museuciencies.cat\\\/wp-content\\\/uploads\\\/2017\\\/10\\\/oceans-8br-615x410.jpg&quot;,&quot;id&quot;:&quot;44967&quot;,&quot;title&quot;:&quot;oceans 8br&quot;,&quot;alt&quot;:&quot;&quot;,&quot;caption&quot;:&quot;Oceans, l\\u0026#8217;\\u00faltim territori salvatge, MCNB&quot;,&quot;itemprop&quot;:&quot;image&quot;},{&quot;src&quot;:&quot;https:\\\/\\\/museuciencies.cat\\\/wp-content\\\/uploads\\\/2017\\\/10\\\/oceans-2br-615x410.jpg&quot;,&quot;id&quot;:&quot;44975&quot;,&quot;title&quot;:&quot;oceans 2br&quot;,&quot;alt&quot;:&quot;&quot;,&quot;caption&quot;:&quot;Oceans, l\\u0026#8217;\\u00faltim territori salvatge, MCNB&quot;,&quot;itemprop&quot;:&quot;image&quot;}]\" itemscope itemtype=\"https:\/\/schema.org\/ImageGallery\"><\/div>\n","protected":false},"excerpt":{"rendered":"<p>A partir de esta semana todos los que visiten la exposici\u00f3n Oceans, l&#8217;\u00faltim territori salvatge del Museo podr\u00e1n visitar gratuitamente la exposici\u00f3n temporal\u00a0Despr\u00e9s de la fi del m\u00f3n\u00a0del CCCB\u00a0y\u00a0viceversa. Esta promoci\u00f3n ser\u00e1 v\u00e1lida hasta el 29 d&#8217;abril de 2018, fecha que finaliza la exposici\u00f3n\u00a0Despr\u00e9s de la fi del m\u00f3n.<\/p>\n","protected":false},"author":2,"featured_media":0,"comment_status":"closed","ping_status":"closed","sticky":false,"template":"","format":"standard","meta":{"_acf_changed":false,"_jetpack_memberships_contains_paid_content":false,"footnotes":""},"categories":[3],"tags":[],"class_list":["post-46446","post","type-post","status-publish","format-standard","hentry","category-general-es"],"acf":{"destacat_portada":true,"presentacio_socials":[],"tambe_us_pot_interessar":"","img_cap":45353,"presenta_peu":false,"imatge_llistat":false,"nou_carrusel":false,"boto_de_link_o_mail":false,"arxius_adjunts":false,"links_associats":false,"presenta_fills":"no","activeu_alerta":false,"text_alerta":""},"jetpack_featured_media_url":"","jetpack_sharing_enabled":true,"_links":{"self":[{"href":"https:\/\/museuciencies.cat\/es\/wp-json\/wp\/v2\/posts\/46446","targetHints":{"allow":["GET"]}}],"collection":[{"href":"https:\/\/museuciencies.cat\/es\/wp-json\/wp\/v2\/posts"}],"about":[{"href":"https:\/\/museuciencies.cat\/es\/wp-json\/wp\/v2\/types\/post"}],"author":[{"embeddable":true,"href":"https:\/\/museuciencies.cat\/es\/wp-json\/wp\/v2\/users\/2"}],"replies":[{"embeddable":true,"href":"https:\/\/museuciencies.cat\/es\/wp-json\/wp\/v2\/comments?post=46446"}],"version-history":[{"count":0,"href":"https:\/\/museuciencies.cat\/es\/wp-json\/wp\/v2\/posts\/46446\/revisions"}],"wp:attachment":[{"href":"https:\/\/museuciencies.cat\/es\/wp-json\/wp\/v2\/media?parent=46446"}],"wp:term":[{"taxonomy":"category","embeddable":true,"href":"https:\/\/museuciencies.cat\/es\/wp-json\/wp\/v2\/categories?post=46446"},{"taxonomy":"post_tag","embeddable":true,"href":"https:\/\/museuciencies.cat\/es\/wp-json\/wp\/v2\/tags?post=46446"}],"curies":[{"name":"wp","href":"https:\/\/api.w.org\/{rel}","templated":true}]}}