{"id":43892,"date":"2017-08-18T11:57:44","date_gmt":"2017-08-18T09:57:44","guid":{"rendered":"http:\/\/museuciencies.cat\/museu-ciencies-naturals-barcelona-condemna-latemptat-barcelona\/"},"modified":"2017-11-28T10:23:22","modified_gmt":"2017-11-28T08:23:22","slug":"museu-ciencies-naturals-barcelona-condemna-latemptat-barcelona","status":"publish","type":"post","link":"https:\/\/museuciencies.cat\/es\/museu-ciencies-naturals-barcelona-condemna-latemptat-barcelona\/","title":{"rendered":"El Museu de Ci\u00e8ncies Naturals de Barcelona condena el atentado de Barcelona"},"content":{"rendered":"<p>Nos sumamos a la condena del atentado en Barcelona y expresamos nuestra solidaridad con las v\u00edctimas y sus familiares. <strong>#TotsSomBarcelona<\/strong><\/p>\n<p>Hoy el Museo de Ciencias Naturales de Barcelona (Parc del F\u00f2rum) y el Jard\u00edn Bot\u00e1nico(Parc de Montju\u00efc) permanecer\u00e1n abiertos en el horario habitual.<\/p>\n<p><img loading=\"lazy\" decoding=\"async\" class=\"aligncenter size-medium wp-image-43879\" src=\"http:\/\/museuciencies.cat\/wp-content\/uploads\/2017\/08\/totssombanhome-615x410.jpg\" alt=\"\" width=\"615\" height=\"410\" srcset=\"https:\/\/museuciencies.cat\/wp-content\/uploads\/2017\/08\/totssombanhome-615x410.jpg 615w, https:\/\/museuciencies.cat\/wp-content\/uploads\/2017\/08\/totssombanhome-768x512.jpg 768w, https:\/\/museuciencies.cat\/wp-content\/uploads\/2017\/08\/totssombanhome.jpg 1024w\" sizes=\"auto, (max-width: 615px) 100vw, 615px\" \/><\/p>\n","protected":false},"excerpt":{"rendered":"<p>Nos sumamos a la condena del atentado en Barcelona y expresamos nuestra solidaridad con las v\u00edctimas y sus familiares. #TotsSomBarcelona Hoy el Museo de Ciencias Naturales de Barcelona (Parc del F\u00f2rum) y el Jard\u00edn Bot\u00e1nico(Parc de Montju\u00efc) permanecer\u00e1n abiertos en el horario habitual.<\/p>\n","protected":false},"author":2,"featured_media":0,"comment_status":"closed","ping_status":"closed","sticky":false,"template":"","format":"standard","meta":{"_acf_changed":false,"_jetpack_memberships_contains_paid_content":false,"footnotes":""},"categories":[3],"tags":[],"class_list":["post-43892","post","type-post","status-publish","format-standard","hentry","category-general-es"],"acf":{"presentacio_socials":[],"tambe_us_pot_interessar":"","img_cap":43875,"presenta_peu":false,"imatge_llistat":false,"nou_carrusel":false,"boto_de_link_o_mail":false,"arxius_adjunts":false,"links_associats":false,"presenta_fills":"no","activeu_alerta":false,"text_alerta":"","destacat_portada":true},"jetpack_featured_media_url":"","jetpack_sharing_enabled":true,"_links":{"self":[{"href":"https:\/\/museuciencies.cat\/es\/wp-json\/wp\/v2\/posts\/43892","targetHints":{"allow":["GET"]}}],"collection":[{"href":"https:\/\/museuciencies.cat\/es\/wp-json\/wp\/v2\/posts"}],"about":[{"href":"https:\/\/museuciencies.cat\/es\/wp-json\/wp\/v2\/types\/post"}],"author":[{"embeddable":true,"href":"https:\/\/museuciencies.cat\/es\/wp-json\/wp\/v2\/users\/2"}],"replies":[{"embeddable":true,"href":"https:\/\/museuciencies.cat\/es\/wp-json\/wp\/v2\/comments?post=43892"}],"version-history":[{"count":0,"href":"https:\/\/museuciencies.cat\/es\/wp-json\/wp\/v2\/posts\/43892\/revisions"}],"wp:attachment":[{"href":"https:\/\/museuciencies.cat\/es\/wp-json\/wp\/v2\/media?parent=43892"}],"wp:term":[{"taxonomy":"category","embeddable":true,"href":"https:\/\/museuciencies.cat\/es\/wp-json\/wp\/v2\/categories?post=43892"},{"taxonomy":"post_tag","embeddable":true,"href":"https:\/\/museuciencies.cat\/es\/wp-json\/wp\/v2\/tags?post=43892"}],"curies":[{"name":"wp","href":"https:\/\/api.w.org\/{rel}","templated":true}]}}