{"id":38237,"date":"2016-12-22T10:22:53","date_gmt":"2016-12-22T10:22:53","guid":{"rendered":"http:\/\/museuciencies.cat\/es\/el-museu-blau-collabora-amb-un-documental-sobre-la-conservacio-de-la-somereta-del-montsant\/"},"modified":"2016-12-22T10:32:37","modified_gmt":"2016-12-22T10:32:37","slug":"el-museu-blau-collabora-amb-un-documental-sobre-la-conservacio-de-la-somereta-del-montsant","status":"publish","type":"post","link":"https:\/\/museuciencies.cat\/es\/el-museu-blau-collabora-amb-un-documental-sobre-la-conservacio-de-la-somereta-del-montsant\/","title":{"rendered":"El Museu Blau colabora con un documental sobre la conservaci\u00f3n de la somereta del Montsant"},"content":{"rendered":"<p>El Museu Blau colabora con un documental sobre la conservaci\u00f3n de las especies biol\u00f3gicas impulsado por <a href=\"http:\/\/www.mnconsultors.com\/actualidad\/mn-i-bioscicat-coprodueixen-un-documental-sobre-la-conservacio-de-les-especies-biologiques-amb-la-participacio-de-la-fundacio-eduard-punset-i-el-museu-de-de-ciencies-naturals-de-barcelona\/lang\/ca\" target=\"_blank\">MN Consultors<\/a> i <a href=\"http:\/\/www.bioscicat.org\/\" target=\"_blank\">Bioscicat<\/a>, y con la participaci\u00f3n de la <a href=\"http:\/\/www.fundacionpunset.org\/la_fundacion.html\" target=\"_blank\">Fundaci\u00f3 Eduardo Punset<\/a>.<\/p>\n<ul>\n<li>Empleando una f\u00f3rmula cinematogr\u00e1fica pionera, mezclar\u00e1 el g\u00e9nero documental, hist\u00f3rico y de ficci\u00f3n entrelazando diversas historias, entre las que se encuentra la vida de Eduardo Punset.<\/li>\n<li>Por primera vez se reivindica la protecci\u00f3n de nuestras especies y ecosistemas desde argumentos cient\u00edficos, pero tambi\u00e9n, y sobretodo, emocionales.<\/li>\n<li>La originalidad del enfoque pretende llevar el mensaje de la conservaci\u00f3n biol\u00f3gica al gran p\u00fablico<\/li>\n<li>Su estreno est\u00e1 previsto para el a\u00f1o 2017<\/li>\n<\/ul>\n<p>Se encuentra en plena producci\u00f3n en Catalu\u00f1a un documental que plantea el reto de la lucha contra la p\u00e9rdida de la riqueza biol\u00f3gica en el siglo XXI a partir de la problem\u00e1tica de un peque\u00f1o insecto, end\u00e9mico del sur de Catalu\u00f1a, y que se est\u00e1 convirtiendo en un icono de la conservaci\u00f3n: \u201cla <strong>Somereta de Montsant\u00bb, <em>Steropleurus panteli<\/em> (Nav\u00e1s, 1899).<\/strong><\/p>\n<p>El proyecto cinematogr\u00e1fico, que ha sido impulsado y es producido por MN Consultores y Bioscicat, cuenta con la colaboraci\u00f3n estrecha del Museu Blau (MCNB) y del Parque Natural de Montsant. En \u00e9l adquiere una especial relevancia la implicaci\u00f3n de Eduardo Punset.<\/p>\n<p class=\"jetpack-slideshow-noscript robots-nocontent\">El pase de diapositivas requiere JavaScript.<\/p><div id=\"gallery-38237-1-slideshow\" class=\"jetpack-slideshow-window jetpack-slideshow jetpack-slideshow-black\" data-trans=\"fade\" data-autostart=\"1\" data-gallery=\"[{&quot;src&quot;:&quot;https:\\\/\\\/museuciencies.cat\\\/wp-content\\\/uploads\\\/DSC6916-copia.br_.jpg&quot;,&quot;id&quot;:&quot;38213&quot;,&quot;title&quot;:&quot;_dsc6916-copia-br&quot;,&quot;alt&quot;:&quot;&quot;,&quot;caption&quot;:&quot;&quot;,&quot;itemprop&quot;:&quot;image&quot;},{&quot;src&quot;:&quot;https:\\\/\\\/museuciencies.cat\\\/wp-content\\\/uploads\\\/exp1-copia.jpg&quot;,&quot;id&quot;:&quot;38217&quot;,&quot;title&quot;:&quot;exp1-copia&quot;,&quot;alt&quot;:&quot;&quot;,&quot;caption&quot;:&quot;&quot;,&quot;itemprop&quot;:&quot;image&quot;},{&quot;src&quot;:&quot;https:\\\/\\\/museuciencies.cat\\\/wp-content\\\/uploads\\\/Lenteja-Mundo-EP.tiff-copia.br_.jpg&quot;,&quot;id&quot;:&quot;38221&quot;,&quot;title&quot;:&quot;lenteja-mundo-ep-tiff-copia-br&quot;,&quot;alt&quot;:&quot;&quot;,&quot;caption&quot;:&quot;&quot;,&quot;itemprop&quot;:&quot;image&quot;},{&quot;src&quot;:&quot;https:\\\/\\\/museuciencies.cat\\\/wp-content\\\/uploads\\\/MB7-2-copia.jpg&quot;,&quot;id&quot;:&quot;38225&quot;,&quot;title&quot;:&quot;mb7-2-copia&quot;,&quot;alt&quot;:&quot;&quot;,&quot;caption&quot;:&quot;&quot;,&quot;itemprop&quot;:&quot;image&quot;},{&quot;src&quot;:&quot;https:\\\/\\\/museuciencies.cat\\\/wp-content\\\/uploads\\\/SM2-copia.br_.jpg&quot;,&quot;id&quot;:&quot;38229&quot;,&quot;title&quot;:&quot;sm2-copia-br&quot;,&quot;alt&quot;:&quot;&quot;,&quot;caption&quot;:&quot;&quot;,&quot;itemprop&quot;:&quot;image&quot;},{&quot;src&quot;:&quot;https:\\\/\\\/museuciencies.cat\\\/wp-content\\\/uploads\\\/Vitrina-EP-y-Leo?\\u00fcn-copia.br_..jpg&quot;,&quot;id&quot;:&quot;38233&quot;,&quot;title&quot;:&quot;vitrina-ep-y-leo%e2%95%a0un-copia-br&quot;,&quot;alt&quot;:&quot;&quot;,&quot;caption&quot;:&quot;&quot;,&quot;itemprop&quot;:&quot;image&quot;}]\" itemscope itemtype=\"https:\/\/schema.org\/ImageGallery\"><\/div>\n<p>Se trata de una producci\u00f3n que aborda una problem\u00e1tica universal desde un caso local y concreto, apelando a la conocida m\u00e1xima \u201cpiensa globalmente, act\u00faa localmente\u201d.<\/p>\n<p>Su objetivo principal es el de acercar el problema que comporta la amenaza de la p\u00e9rdida de nuestra riqueza biol\u00f3gica al gran p\u00fablico. Por ello se ha planteado desde una aproximaci\u00f3n cinematogr\u00e1fica mediante la fusi\u00f3n de diversos g\u00e9neros (hist\u00f3rico, biogr\u00e1fico, ficci\u00f3n, etc.) y se ha contado con la participaci\u00f3n desinteresada de Eduardo Punset, el comunicador cient\u00edfico probablemente m\u00e1s autorizado y popular de los \u00faltimos a\u00f1os, de quien el documental incorpora elementos biogr\u00e1ficos de su infancia, que transcurri\u00f3 en su mayor parte en un pueblo del Priorat, al pie de la sierra del Montsant.<\/p>\n<p>A lo largo del documental Punset desarrolla los argumentos cient\u00edficos que nos obligan como sociedad a actuar con urgencia ante la actual crisis biol\u00f3gica, pero apela a las motivaciones emocionales como el verdadero elemento transformador que puede llevarnos individual y colectivamente a replantear nuestras relaciones con la naturaleza.<\/p>\n<p>El film reivindica la importancia de todas las especies biol\u00f3gicas por peque\u00f1as y desconocidas que puedan ser, motivo por el cual se basa en la historia de la \u201csomereta de Montsant\u201d, una peque\u00f1a criatura descubierta a finales del siglo XIX y que se cre\u00eda extinta. Su historia, y su paralelismo con la de Longinos Nav\u00e1s, el jesuita que fuera su descubridor y que cay\u00f3 tambi\u00e9n en el olvido pese a ser uno de los entom\u00f3logos m\u00e1s sobresalientes de su tiempo en Europa, sirven para poner de relieve los valores de las ciencias de la vida.<\/p>\n<p>Su estreno est\u00e1 previsto para el a\u00f1o 2017.<\/p>\n","protected":false},"excerpt":{"rendered":"<p>El Museu Blau colabora con un documental sobre la conservaci\u00f3n de las especies biol\u00f3gicas impulsado por MN Consultors i Bioscicat, y con la participaci\u00f3n de la Fundaci\u00f3 Eduardo Punset. Empleando una f\u00f3rmula cinematogr\u00e1fica pionera, mezclar\u00e1 el g\u00e9nero documental, hist\u00f3rico y de ficci\u00f3n entrelazando diversas historias, entre las que se encuentra la vida de Eduardo Punset. [&hellip;]<\/p>\n","protected":false},"author":2,"featured_media":0,"comment_status":"closed","ping_status":"closed","sticky":false,"template":"","format":"standard","meta":{"_acf_changed":false,"_jetpack_memberships_contains_paid_content":false,"footnotes":""},"categories":[1181],"tags":[],"class_list":["post-38237","post","type-post","status-publish","format-standard","hentry","category-museu-blau-es"],"acf":{"presentacio_socials":[],"tambe_us_pot_interessar":"","img_cap":38205,"presenta_peu":false,"imatge_llistat":false,"nou_carrusel":false,"boto_de_link_o_mail":false,"arxius_adjunts":false,"links_associats":false,"presenta_fills":"no","activeu_alerta":false,"text_alerta":""},"jetpack_featured_media_url":"","jetpack_sharing_enabled":true,"_links":{"self":[{"href":"https:\/\/museuciencies.cat\/es\/wp-json\/wp\/v2\/posts\/38237","targetHints":{"allow":["GET"]}}],"collection":[{"href":"https:\/\/museuciencies.cat\/es\/wp-json\/wp\/v2\/posts"}],"about":[{"href":"https:\/\/museuciencies.cat\/es\/wp-json\/wp\/v2\/types\/post"}],"author":[{"embeddable":true,"href":"https:\/\/museuciencies.cat\/es\/wp-json\/wp\/v2\/users\/2"}],"replies":[{"embeddable":true,"href":"https:\/\/museuciencies.cat\/es\/wp-json\/wp\/v2\/comments?post=38237"}],"version-history":[{"count":0,"href":"https:\/\/museuciencies.cat\/es\/wp-json\/wp\/v2\/posts\/38237\/revisions"}],"wp:attachment":[{"href":"https:\/\/museuciencies.cat\/es\/wp-json\/wp\/v2\/media?parent=38237"}],"wp:term":[{"taxonomy":"category","embeddable":true,"href":"https:\/\/museuciencies.cat\/es\/wp-json\/wp\/v2\/categories?post=38237"},{"taxonomy":"post_tag","embeddable":true,"href":"https:\/\/museuciencies.cat\/es\/wp-json\/wp\/v2\/tags?post=38237"}],"curies":[{"name":"wp","href":"https:\/\/api.w.org\/{rel}","templated":true}]}}