{"id":36452,"date":"2016-10-11T08:23:32","date_gmt":"2016-10-11T08:23:32","guid":{"rendered":"http:\/\/museuciencies.cat\/es\/tarda-de-cinema-i-dinosaures\/"},"modified":"2016-10-11T13:57:36","modified_gmt":"2016-10-11T13:57:36","slug":"tarda-de-cinema-i-dinosaures","status":"publish","type":"post","link":"https:\/\/museuciencies.cat\/es\/tarda-de-cinema-i-dinosaures\/","title":{"rendered":"Tarde de cine y dinosaurios &#8230;"},"content":{"rendered":"<p>El pr\u00f3ximo s\u00e1bado <strong>15 de octubre<\/strong> el Museu Blau da el pistoletazo de salida al ciclo <strong>\u00abTarde de cine con dinosaurios &#8230;\u00bb<\/strong> que nos invita a hacer una inmersi\u00f3n en el mundo de estos fant\u00e1sticos animales con la combinaci\u00f3n de una gran pel\u00edcula y una visita a la exposici\u00f3n temporal <a href=\"http:\/\/museuciencies.cat\/es\/exposicio_temporal\/spinosaurus-el-gegant-perdut-del-cretaci\/\" target=\"_blank\">\u201c<em>Spinosaurus<\/em>, el gigante Perdido del Cret\u00e1ceo\u201d<\/a>.<\/p>\n<p>Jordi Serrallonga arque\u00f3logo, naturalista y expedicionario se encargar\u00e1 de introducir las pel\u00edculas, las visitas a la exposici\u00f3n y de hacernos pasar una aut\u00e9ntica tarde con dinosaurios &#8230; El ciclo se inicia el pr\u00f3ximo s\u00e1bado con \u201cEl Viaje de Arlo\u201d ( The good Dinosaur), una gran pel\u00edcula de animaci\u00f3n salida recientemente de los estudios Pixar. Continuar\u00e1 con dos pel\u00edculas emblem\u00e1ticas: \u201cEl origen de los dinosaurios\u201d (Ice Age) que se podr\u00e1 ver en noviembre y \u201cDinosaurio\u201d (Dinosaur) en diciembre.<\/p>\n<p>Las tres sesiones, programadas con la colaboraci\u00f3n del <a href=\"http:\/\/museuciencies.cat\/es\/qui-som\/el-museu\/consell-dinfants-del-museu-blau\/\" target=\"_blank\">Consejo de Ni\u00f1os del Museu Blau<\/a>, quieren recuperar el esp\u00edritu rom\u00e1ntico, aventurero y de debate que supuso la incre\u00edble historia del hallazgo del <em>Spinosauru<\/em>s y tambi\u00e9n reivindicar estos animales del pasado como pieza clave para reflexionar sobre el futuro de la humanidad (el estudio sobre su extinci\u00f3n es clave).<\/p>\n<h3>Ciclo \u00abTarde de cine con dinosaurios &#8230;\u00bb<\/h3>\n<ul>\n<li>Lugar: Sala de actos del Museu Blau y exposici\u00f3n <em>Spinosaurus<\/em>, el gigante perdido del Cret\u00e1ceo<\/li>\n<li>Precio: actividad gratuita con la entrada a la exposici\u00f3n<\/li>\n<li>Es necesario reservar en el siguiente <a href=\"https:\/\/entrades.eicub.net:8443\/muslinkIII\/venda\/index.jsp?lang=1&amp;nom_cache=ZOO&amp;property=ZOO\" target=\"_blank\">enlace<\/a>\u00a0(compatible con navegador Firefox y Chrome, no Explorer)<\/li>\n<\/ul>\n<p><strong>1. Primera sesi\u00f3n<\/strong><\/p>\n<p><strong>El viaje de Arlo (The Good Dinosaur)<\/strong><\/p>\n<ul>\n<li>Director: Peter Sohn<\/li>\n<li>A\u00f1o: 2015<\/li>\n<li>Duraci\u00f3n: 93 minutos<\/li>\n<li>D\u00eda: 15 de octubre<\/li>\n<li>Edad: a partir de 10 a\u00f1os<\/li>\n<li>Horario: de 17 a 19 h<\/li>\n<\/ul>\n<p><strong>Pr\u00f3ximas sesiones programadas<\/strong><\/p>\n<p><strong>2. El origen de los dinosaurios (Ice Age 3)<\/strong><\/p>\n<ul>\n<li>Directores: Carlos Saldanha, Mike Thurmeier<\/li>\n<li>A\u00f1o: 2009<\/li>\n<li>Duraci\u00f3n: 94 minutos<\/li>\n<li>D\u00eda: 19 de noviembre<\/li>\n<li>Edad: a partir de 6 a\u00f1os<\/li>\n<li>Horario: de 17 a 19 h<\/li>\n<\/ul>\n<p><strong>3. Dinosaurio<\/strong><\/p>\n<ul>\n<li>Directores: Eric Leighton, Ralph Zondag<\/li>\n<li>A\u00f1o: 2000<\/li>\n<li>Duraci\u00f3n: 82 minutos<\/li>\n<li>D\u00eda: 17 de diciembre<\/li>\n<li>Edad: a partir de 3 a\u00f1os<\/li>\n<li>Horario: de 17 a 19 h<\/li>\n<\/ul>\n<p>Introducci\u00f3n de las pel\u00edculas y visita a la exposici\u00f3n a cargo de Jordi Serrallonga.<\/p>\n<p>Informaci\u00f3n pr\u00e1ctica Museu Blau: <a href=\"http:\/\/museuciencies.cat\/visitans\/museu-blau\/informacio-practica\/com-arribar\/\" target=\"_blank\">Museu Blau<\/a><\/p>\n<p>&nbsp;<\/p>\n","protected":false},"excerpt":{"rendered":"<p>El pr\u00f3ximo s\u00e1bado 15 de octubre el Museu Blau da el pistoletazo de salida al ciclo \u00abTarde de cine con dinosaurios &#8230;\u00bb que nos invita a hacer una inmersi\u00f3n en el mundo de estos fant\u00e1sticos animales con la combinaci\u00f3n de una gran pel\u00edcula y una visita a la exposici\u00f3n temporal \u201cSpinosaurus, el gigante Perdido del [&hellip;]<\/p>\n","protected":false},"author":2,"featured_media":0,"comment_status":"closed","ping_status":"closed","sticky":false,"template":"","format":"standard","meta":{"_acf_changed":false,"_jetpack_memberships_contains_paid_content":false,"footnotes":""},"categories":[1181],"tags":[],"class_list":["post-36452","post","type-post","status-publish","format-standard","hentry","category-museu-blau-es"],"acf":{"presentacio_socials":[],"tambe_us_pot_interessar":"","img_cap":35008,"presenta_peu":false,"imatge_llistat":false,"nou_carrusel":false,"boto_de_link_o_mail":false,"arxius_adjunts":false,"links_associats":false,"presenta_fills":"no","activeu_alerta":false,"text_alerta":""},"jetpack_featured_media_url":"","jetpack_sharing_enabled":true,"_links":{"self":[{"href":"https:\/\/museuciencies.cat\/es\/wp-json\/wp\/v2\/posts\/36452","targetHints":{"allow":["GET"]}}],"collection":[{"href":"https:\/\/museuciencies.cat\/es\/wp-json\/wp\/v2\/posts"}],"about":[{"href":"https:\/\/museuciencies.cat\/es\/wp-json\/wp\/v2\/types\/post"}],"author":[{"embeddable":true,"href":"https:\/\/museuciencies.cat\/es\/wp-json\/wp\/v2\/users\/2"}],"replies":[{"embeddable":true,"href":"https:\/\/museuciencies.cat\/es\/wp-json\/wp\/v2\/comments?post=36452"}],"version-history":[{"count":0,"href":"https:\/\/museuciencies.cat\/es\/wp-json\/wp\/v2\/posts\/36452\/revisions"}],"wp:attachment":[{"href":"https:\/\/museuciencies.cat\/es\/wp-json\/wp\/v2\/media?parent=36452"}],"wp:term":[{"taxonomy":"category","embeddable":true,"href":"https:\/\/museuciencies.cat\/es\/wp-json\/wp\/v2\/categories?post=36452"},{"taxonomy":"post_tag","embeddable":true,"href":"https:\/\/museuciencies.cat\/es\/wp-json\/wp\/v2\/tags?post=36452"}],"curies":[{"name":"wp","href":"https:\/\/api.w.org\/{rel}","templated":true}]}}