{"id":33728,"date":"2016-05-12T11:34:25","date_gmt":"2016-05-12T11:34:25","guid":{"rendered":"http:\/\/museuciencies.cat\/es\/?p=33728"},"modified":"2016-05-12T12:19:09","modified_gmt":"2016-05-12T12:19:09","slug":"puertas-abiertas-el-dia-internacional-de-los-museos","status":"publish","type":"post","link":"https:\/\/museuciencies.cat\/es\/puertas-abiertas-el-dia-internacional-de-los-museos\/","title":{"rendered":"Puertas abiertas el D\u00eda Internacional de los Museos"},"content":{"rendered":"<p>El pr\u00f3ximo mi\u00e9rcoles 18 de mayo el Museu de Ci\u00e8ncies Naturals\u00a0de Barcelona se suma como cada a\u00f1o en la celebraci\u00f3n del <strong><a href=\"http:\/\/icom.museum\/actividades\/dia-internacional-de-los-museos\/dim-2016\/L\/1\/\" target=\"_blank\">D\u00eda Internacional de los Museos<\/a><\/strong>, ofreciendo una jornada de puertas abiertas en el <a href=\"http:\/\/museuciencies.cat\/es\/visitans\/museu-blau\/\" target=\"_blank\">Museo Blau<\/a>\u00a0y el <a href=\"http:\/\/museuciencies.cat\/es\/visitans\/jardi-botanic\/\" target=\"_blank\">Jard\u00edn Bot\u00e1nico<\/a>, as\u00ed como acceso gratuito a sus exposiciones temporales :<\/p>\n<p><a href=\"http:\/\/museuciencies.cat\/es\/exposicio_temporal\/nutricio-impuls-vital\/\" target=\"_blank\">Nutrici\u00f3n, impulso vital (\u00faltimos d\u00edas)<\/a><\/p>\n<p><a href=\"http:\/\/museuciencies.cat\/es\/exposicio_temporal\/totems-fotografies-de-guillem-vidal\/\" target=\"_blank\">T\u00f3tems<\/a><\/p>\n<p>En 1977 el Consejo Internacional de Museos (ICOM) cre\u00f3 el D\u00eda Internacional de los Museos para sensibilizar al p\u00fablico sobre el papel de los museos en el desarrollo de la sociedad, y desde entonces la popularidad del evento no ha dejado de crecer. En 2015 el D\u00eda Internacional de los Museos alcanz\u00f3 una cifra r\u00e9cord de participaci\u00f3n: m\u00e1s de 35 000 museos en unos 145 pa\u00edses.<\/p>\n<p><a href=\"http:\/\/museuciencies.cat\/wp-content\/uploads\/IMDPoster2016_esp.jpg\"><img loading=\"lazy\" decoding=\"async\" data-attachment-id=\"33731\" data-permalink=\"https:\/\/museuciencies.cat\/es\/puertas-abiertas-el-dia-internacional-de-los-museos\/imdposter2016_esp\/\" data-orig-file=\"https:\/\/museuciencies.cat\/wp-content\/uploads\/IMDPoster2016_esp.jpg\" data-orig-size=\"2000,3000\" data-comments-opened=\"0\" data-image-meta=\"{&quot;aperture&quot;:&quot;0&quot;,&quot;credit&quot;:&quot;&quot;,&quot;camera&quot;:&quot;&quot;,&quot;caption&quot;:&quot;&quot;,&quot;created_timestamp&quot;:&quot;0&quot;,&quot;copyright&quot;:&quot;&quot;,&quot;focal_length&quot;:&quot;0&quot;,&quot;iso&quot;:&quot;0&quot;,&quot;shutter_speed&quot;:&quot;0&quot;,&quot;title&quot;:&quot;&quot;,&quot;orientation&quot;:&quot;1&quot;}\" data-image-title=\"IMDPoster2016_esp\" data-image-description=\"\" data-image-caption=\"\" data-medium-file=\"https:\/\/museuciencies.cat\/wp-content\/uploads\/IMDPoster2016_esp-410x615.jpg\" data-large-file=\"https:\/\/museuciencies.cat\/wp-content\/uploads\/IMDPoster2016_esp-683x1024.jpg\" class=\"aligncenter wp-image-33731 size-medium\" src=\"http:\/\/museuciencies.cat\/wp-content\/uploads\/IMDPoster2016_esp-410x615.jpg\" alt=\"IMDPoster2016_esp\" width=\"410\" height=\"615\" srcset=\"https:\/\/museuciencies.cat\/wp-content\/uploads\/IMDPoster2016_esp-410x615.jpg 410w, https:\/\/museuciencies.cat\/wp-content\/uploads\/IMDPoster2016_esp-683x1024.jpg 683w, https:\/\/museuciencies.cat\/wp-content\/uploads\/IMDPoster2016_esp.jpg 2000w\" sizes=\"auto, (max-width: 410px) 100vw, 410px\" \/><\/a><\/p>\n<p>La edici\u00f3n de este a\u00f1o est\u00e1 dedicada al tema <a href=\"http:\/\/icom.museum\/comunicados-de-prensa\/comunicado-de-prensa\/article\/dia-internacional-de-los-museos-de-2016-museos-y-paisajes-culturales\/L\/1\/\" target=\"_blank\">Museos y Paisajes Culturales<\/a>, para reconocer el papel que juegan los museos como embajadores del territorio del que forman parte, comprometidos en la protecci\u00f3n activa de su patrimonio cultural y natural.<\/p>\n<p>Visite el sitio web oficial del D\u00eda Internacional de los Museos<\/p>\n<p><a href=\"http:\/\/imd.icom.museum\" target=\"_blank\">http:\/\/imd.icom.museum<\/a><\/p>\n<p>&nbsp;<\/p>\n","protected":false},"excerpt":{"rendered":"<p>El pr\u00f3ximo mi\u00e9rcoles 18 de mayo el Museu de Ci\u00e8ncies Naturals\u00a0de Barcelona se suma como cada a\u00f1o en la celebraci\u00f3n del D\u00eda Internacional de los Museos, ofreciendo una jornada de puertas abiertas en el Museo Blau\u00a0y el Jard\u00edn Bot\u00e1nico, as\u00ed como acceso gratuito a sus exposiciones temporales : Nutrici\u00f3n, impulso vital (\u00faltimos d\u00edas) T\u00f3tems En [&hellip;]<\/p>\n","protected":false},"author":2,"featured_media":0,"comment_status":"closed","ping_status":"closed","sticky":false,"template":"","format":"standard","meta":{"_acf_changed":false,"_jetpack_memberships_contains_paid_content":false,"footnotes":""},"categories":[3],"tags":[],"class_list":["post-33728","post","type-post","status-publish","format-standard","hentry","category-general-es"],"acf":{"presentacio_socials":[],"tambe_us_pot_interessar":"","img_cap":33735,"presenta_peu":false,"imatge_llistat":false,"nou_carrusel":false,"boto_de_link_o_mail":false,"arxius_adjunts":false,"links_associats":false,"presenta_fills":"no"},"jetpack_featured_media_url":"","jetpack_sharing_enabled":true,"_links":{"self":[{"href":"https:\/\/museuciencies.cat\/es\/wp-json\/wp\/v2\/posts\/33728","targetHints":{"allow":["GET"]}}],"collection":[{"href":"https:\/\/museuciencies.cat\/es\/wp-json\/wp\/v2\/posts"}],"about":[{"href":"https:\/\/museuciencies.cat\/es\/wp-json\/wp\/v2\/types\/post"}],"author":[{"embeddable":true,"href":"https:\/\/museuciencies.cat\/es\/wp-json\/wp\/v2\/users\/2"}],"replies":[{"embeddable":true,"href":"https:\/\/museuciencies.cat\/es\/wp-json\/wp\/v2\/comments?post=33728"}],"version-history":[{"count":0,"href":"https:\/\/museuciencies.cat\/es\/wp-json\/wp\/v2\/posts\/33728\/revisions"}],"wp:attachment":[{"href":"https:\/\/museuciencies.cat\/es\/wp-json\/wp\/v2\/media?parent=33728"}],"wp:term":[{"taxonomy":"category","embeddable":true,"href":"https:\/\/museuciencies.cat\/es\/wp-json\/wp\/v2\/categories?post=33728"},{"taxonomy":"post_tag","embeddable":true,"href":"https:\/\/museuciencies.cat\/es\/wp-json\/wp\/v2\/tags?post=33728"}],"curies":[{"name":"wp","href":"https:\/\/api.w.org\/{rel}","templated":true}]}}