{"id":131003,"date":"2026-08-19T12:45:22","date_gmt":"2026-08-19T10:45:22","guid":{"rendered":"https:\/\/museuciencies.cat\/el-museu-participa-en-el-projecte-europeu-costaflora-per-protegir-la-flora-amenacada-del-litoral-catalano-occita\/"},"modified":"2026-08-19T13:15:19","modified_gmt":"2026-08-19T11:15:19","slug":"el-museu-participa-en-el-projecte-europeu-costaflora-per-protegir-la-flora-amenacada-del-litoral-catalano-occita","status":"publish","type":"post","link":"https:\/\/museuciencies.cat\/es\/el-museu-participa-en-el-projecte-europeu-costaflora-per-protegir-la-flora-amenacada-del-litoral-catalano-occita\/","title":{"rendered":"El Museo participa en el proyecto europeo CostaFlora para proteger la flora amenazada del litoral catal\u00e1n-occitano"},"content":{"rendered":"<p>El Museo de Ciencias Naturales de Barcelona formar\u00e1 parte del proyecto internacional <strong><em>CostaFlora<\/em><\/strong>, una iniciativa financiada por el programa europeo <strong>Interreg POCTEFA<\/strong> que tiene como objetivo mejorar el conocimiento y la conservaci\u00f3n de las plantas m\u00e1s amenazadas de las dunas y los acantilados del litoral catalan-occitano ante los efectos del cambio clim\u00e1tico, la presi\u00f3n humana y la expansi\u00f3n de especies invasoras. Con un presupuesto total de 953.349,85 euros, de los que 619.677,38 euros corresponden al Fondo Europeo de Desarrollo Regional (FEDER), la iniciativa tendr\u00e1 una duraci\u00f3n de 36 meses y se desarrollar\u00e1 hasta abril de 2029.<\/p>\n<p>Las investigadoras Neus Ib\u00e1\u00f1ez y Neus Nualart, conservadoras del <a href=\"https:\/\/museuciencies.cat\/es\/area-cientifica\/colecciones\/colecciones-botanicas\/herbario\/\" target=\"_blank\" rel=\"noopener\">Herbario del Museo<\/a>, liderar\u00e1n la implicaci\u00f3n de la instituci\u00f3n en este proyecto coordinado por la <a href=\"https:\/\/www.univ-perp.fr\/cat\" target=\"_blank\" rel=\"noopener\">Universit\u00e9 Perpignan Via Domitia (UPVD)<\/a> y en el que tambi\u00e9n participan de la <a href=\"https:\/\/www.reserves-naturelles-catalanes.org\/\" target=\"_blank\" rel=\"noopener\">F\u00e9d\u00e9ration des r\u00e9serves naturelles catalanes (FRNC)<\/a> y el <a href=\"https:\/\/www.creaf.cat\/ca\" target=\"_blank\" rel=\"noopener\">Centre de Recerca Ecol\u00f2gica i Aplicacions Forestals (CREAF)<\/a>. As\u00ed pues, se trata de una iniciativa que re\u00fane centros de investigaci\u00f3n y administraciones de ambos lados de la frontera para desarrollar estrategias comunes de protecci\u00f3n de los h\u00e1bitats costeros m\u00e1s vulnerables.<\/p>\n<p>La contribuci\u00f3n del Museo se centrar\u00e1 en tres \u00e1mbitos principales. Por un lado, impulsar\u00e1 acciones de ciencia ciudadana y divulgaci\u00f3n para dar a conocer el valor ecol\u00f3gico de las dunas y los acantilados, as\u00ed como la necesidad de preservar las especies que viven en ellas. Asimismo, colaborar\u00e1 en actuaciones de control y retirada de especies ex\u00f3ticas invasoras, una de las principales amenazas para la flora litoral.<\/p>\n<p>Por \u00faltimo, el equipo del Museo contribuir\u00e1 al estudio gen\u00f3mico de <em>Stachys maritima<\/em>, una de las plantas dunares m\u00e1s amenazadas de Catalu\u00f1a, con el fin de obtener informaci\u00f3n que oriente futuras estrategias para reforzar y conservar sus poblaciones. Este trabajo se complementar\u00e1 con la conservaci\u00f3n de semillas en el <a href=\"https:\/\/museuciencies.cat\/es\/area-cientifica\/colecciones\/colecciones-botanicas\/semillas\/\" target=\"_blank\" rel=\"noopener\">banco de germoplasma del Museo<\/a>, una infraestructura coordinada por M\u00edriam Aixart, que contribuir\u00e1 a preservar la diversidad gen\u00e9tica de distintas especies amenazadas y a respaldar las estrategias de conservaci\u00f3n a largo plazo.<\/p>\n<div style=\"width: 260px\" class=\"wp-caption aligncenter\"><a title=\"Fagus, CC BY-SA 4.0 &lt;https:\/\/creativecommons.org\/licenses\/by-sa\/4.0&gt;, via Wikimedia Commons\" href=\"https:\/\/commons.wikimedia.org\/wiki\/File:Stachys_maritima-tr.jpg\"><img loading=\"lazy\" decoding=\"async\" src=\"https:\/\/upload.wikimedia.org\/wikipedia\/commons\/thumb\/1\/12\/Stachys_maritima-tr.jpg\/250px-Stachys_maritima-tr.jpg?utm_source=commons.wikimedia.org&amp;utm_campaign=index&amp;utm_content=thumbnail\" alt=\" Stachys maritima-tr\" width=\"250\" height=\"333\" \/><\/a><p class=\"wp-caption-text\"><i>Stachys maritima<\/i>. Fagus, CC BY-SA 4.0<\/p><\/div>\n<p>\u201cCostaFlora, en cierto modo, da continuidad al trabajo desarrollado en el <a href=\"https:\/\/lifemedcliffs.org\/\">proyecto LIFE medCLIFFS<\/a>, centrado en la conservaci\u00f3n de la flora de los acantilados de la Costa Brava, y ampl\u00eda ahora su alcance a todo el litoral catalano-occitano. Esta dimensi\u00f3n transfronteriza nos permite compartir conocimiento y metodolog\u00edas para proteger especies y h\u00e1bitats que no entienden de fronteras administrativas\u201d, explica Neus Ib\u00e1\u00f1ez.<\/p>\n<p>Para Neus Nualart, \u201cla combinaci\u00f3n de investigaci\u00f3n gen\u00f3mica, gesti\u00f3n del territorio y participaci\u00f3n ciudadana es una de las grandes fortalezas del proyecto. La protecci\u00f3n de la flora s\u00f3lo ser\u00e1 efectiva si va acompa\u00f1ada de conocimiento cient\u00edfico y de una sociedad consciente del valor de estos h\u00e1bitats tan fr\u00e1giles\u201d.<\/p>\n<p>La participaci\u00f3n del Museo en CostaFlora refuerza su compromiso con la biodiversidad mediterr\u00e1nea y consolida una trayectoria de investigaci\u00f3n aplicada a la protecci\u00f3n de la flora, con especial atenci\u00f3n a las especies amenazadas, las especies ex\u00f3ticas invasoras y los efectos del cambio clim\u00e1tico sobre los ecosistemas litorales.<\/p>\n<p>&nbsp;<\/p>\n<p>El proyecto CostaFlora ha sido financiado por el 65% por la Uni\u00f3n Europea a trav\u00e9s del programa Interreg VI-A Espa\u00f1a-Francia-Andorra (POCTEFA 2021-2027). El objetivo de la POCTEFA es reforzar la integraci\u00f3n econ\u00f3mica y social de la zona fronteriza Espa\u00f1a-Francia-Andorra.<\/p>\n<p><img loading=\"lazy\" decoding=\"async\" class=\"aligncenter size-full wp-image-130976\" src=\"https:\/\/museuciencies.cat\/wp-content\/uploads\/2026\/08\/logoprojecteeuropeuCostaflora.jpg\" alt=\"\" width=\"486\" height=\"234\" \/><\/p>\n","protected":false},"excerpt":{"rendered":"<p>El Museo de Ciencias Naturales de Barcelona formar\u00e1 parte del proyecto internacional CostaFlora, una iniciativa financiada por el programa europeo Interreg POCTEFA que tiene como objetivo mejorar el conocimiento y la conservaci\u00f3n de las plantas m\u00e1s amenazadas de las dunas y los acantilados del litoral catalan-occitano ante los efectos del cambio clim\u00e1tico, la presi\u00f3n humana [&hellip;]<\/p>\n","protected":false},"author":2,"featured_media":0,"comment_status":"closed","ping_status":"closed","sticky":false,"template":"","format":"standard","meta":{"_acf_changed":false,"_jetpack_memberships_contains_paid_content":false,"footnotes":""},"categories":[3582],"tags":[],"class_list":["post-131003","post","type-post","status-publish","format-standard","hentry","category-recerca-es"],"acf":{"destacat_portada":true,"presentacio_socials":[],"tambe_us_pot_interessar":"","img_cap":130992,"presenta_peu":false,"imatge_llistat":false,"nou_carrusel":false,"boto_de_link_o_mail":false,"arxius_adjunts":false,"links_associats":false,"presenta_fills":"no","publicar_al_quiosc":true,"activeu_alerta":false,"text_alerta":"","segona_part":""},"jetpack_featured_media_url":"","jetpack_sharing_enabled":true,"_links":{"self":[{"href":"https:\/\/museuciencies.cat\/es\/wp-json\/wp\/v2\/posts\/131003","targetHints":{"allow":["GET"]}}],"collection":[{"href":"https:\/\/museuciencies.cat\/es\/wp-json\/wp\/v2\/posts"}],"about":[{"href":"https:\/\/museuciencies.cat\/es\/wp-json\/wp\/v2\/types\/post"}],"author":[{"embeddable":true,"href":"https:\/\/museuciencies.cat\/es\/wp-json\/wp\/v2\/users\/2"}],"replies":[{"embeddable":true,"href":"https:\/\/museuciencies.cat\/es\/wp-json\/wp\/v2\/comments?post=131003"}],"version-history":[{"count":3,"href":"https:\/\/museuciencies.cat\/es\/wp-json\/wp\/v2\/posts\/131003\/revisions"}],"predecessor-version":[{"id":131007,"href":"https:\/\/museuciencies.cat\/es\/wp-json\/wp\/v2\/posts\/131003\/revisions\/131007"}],"wp:attachment":[{"href":"https:\/\/museuciencies.cat\/es\/wp-json\/wp\/v2\/media?parent=131003"}],"wp:term":[{"taxonomy":"category","embeddable":true,"href":"https:\/\/museuciencies.cat\/es\/wp-json\/wp\/v2\/categories?post=131003"},{"taxonomy":"post_tag","embeddable":true,"href":"https:\/\/museuciencies.cat\/es\/wp-json\/wp\/v2\/tags?post=131003"}],"curies":[{"name":"wp","href":"https:\/\/api.w.org\/{rel}","templated":true}]}}