{"id":125856,"date":"2026-02-05T12:43:21","date_gmt":"2026-02-05T10:43:21","guid":{"rendered":"https:\/\/museuciencies.cat\/in-memoriam-josefina-castellvi-pionera-de-loceanografia-i-referent-de-la-divulgacio-cientifica\/"},"modified":"2026-02-05T13:34:49","modified_gmt":"2026-02-05T11:34:49","slug":"in-memoriam-josefina-castellvi-pionera-de-loceanografia-i-referent-de-la-divulgacio-cientifica","status":"publish","type":"post","link":"https:\/\/museuciencies.cat\/es\/in-memoriam-josefina-castellvi-pionera-de-loceanografia-i-referent-de-la-divulgacio-cientifica\/","title":{"rendered":"In memoriam: Josefina Castellv\u00ed, pionera de la oceanograf\u00eda y referente de la divulgaci\u00f3n cient\u00edfica"},"content":{"rendered":"<p>La bi\u00f3loga y ocean\u00f3grafa catalana <strong>Josefina Castellv\u00ed<\/strong> ha fallecido este lunes 2 de febrero, a los 90 a\u00f1os, en su ciudad natal, Barcelona. Con su desaparici\u00f3n, la comunidad cient\u00edfica pierde una figura clave en la investigaci\u00f3n sobre los ecosistemas polares y una voz imprescindible en la divulgaci\u00f3n del valor de los oc\u00e9anos y de los ambientes extremos.<\/p>\n<p>Nacida en Barcelona en 1935, se licenci\u00f3 en Ciencias Biol\u00f3gicas en 1957 en la Universidad de Barcelona, donde tambi\u00e9n se doctor\u00f3. En 1960 se incorpor\u00f3 al actual <a href=\"https:\/\/icm.csic.es\/ca\" target=\"_blank\" rel=\"noopener\">Instituto de Ciencias del Mar (CSIC)<\/a>, del cual fue directora entre 1994 y 1995. Especializada en el estudio de bacterias en ambientes extremos, su trayectoria la llev\u00f3 a participar en la primera misi\u00f3n cient\u00edfica espa\u00f1ola en la Ant\u00e1rtida (1984) y a dirigir, entre 1989 y 1993, la Base Ant\u00e1rtica Espa\u00f1ola Juan Carlos I, convirti\u00e9ndose en la <strong>primera mujer del mundo en dirigir una base en el continente ant\u00e1rtico<\/strong>.<\/p>\n<p>A lo largo de su carrera public\u00f3 decenas de trabajos cient\u00edficos, particip\u00f3 en una cuarentena de campa\u00f1as oceanogr\u00e1ficas y dirigi\u00f3 numerosos proyectos de investigaci\u00f3n. Posteriormente, fue gestora del Programa Nacional de Investigaci\u00f3n en la Ant\u00e1rtida y responsable de la coordinaci\u00f3n de proyectos cient\u00edficos internacionales en ese territorio. Tambi\u00e9n ejerci\u00f3 como vicepresidenta del Consejo Asesor para el Desarrollo Sostenible en dos etapas.<\/p>\n<p>Josefina Castellv\u00ed destac\u00f3 igualmente como divulgadora incansable, siempre dispuesta a explicar la importancia de la Ant\u00e1rtida como archivo clim\u00e1tico del planeta y a acercar el conocimiento cient\u00edfico a todos los p\u00fablicos.<\/p>\n<p>El Museo de Ciencias Naturales de Barcelona recuerda con especial estima su participaci\u00f3n como<strong> primera mujer protagonista de la actividad \u201cCuentos en los museos para ni\u00f1as rebeldes<\/strong>\u201d, una iniciativa que se celebra anualmente en el marco del 8 de marzo y que acerca referentes femeninos de la ciencia a los m\u00e1s peque\u00f1os. Durante el curso 2013-14, el Museo tambi\u00e9n colabor\u00f3 con ella en el proyecto \u201cLa Ant\u00e1rtida, la vida al l\u00edmite\u201d, dirigido a secundaria y centrado en la investigaci\u00f3n sobre el hielo ant\u00e1rtico, as\u00ed como en seminarios, talleres y actividades vinculadas a la Semana de la Ciencia y al D\u00eda Mundial de los Oc\u00e9anos.<\/p>\n<p>&nbsp;<\/p>\n<div id=\"attachment_125849\" style=\"width: 625px\" class=\"wp-caption aligncenter\"><img loading=\"lazy\" decoding=\"async\" aria-describedby=\"caption-attachment-125849\" class=\"size-medium wp-image-125849\" src=\"https:\/\/museuciencies.cat\/wp-content\/uploads\/2026\/02\/140513_antartic-13-615x410.jpg\" alt=\"Josefina Castellv\u00ed a l'espai Niu de Ci\u00e8ncia al Museu\" width=\"615\" height=\"410\" srcset=\"https:\/\/museuciencies.cat\/wp-content\/uploads\/2026\/02\/140513_antartic-13-615x410.jpg 615w, https:\/\/museuciencies.cat\/wp-content\/uploads\/2026\/02\/140513_antartic-13-1024x683.jpg 1024w, https:\/\/museuciencies.cat\/wp-content\/uploads\/2026\/02\/140513_antartic-13-768x512.jpg 768w, https:\/\/museuciencies.cat\/wp-content\/uploads\/2026\/02\/140513_antartic-13-1536x1024.jpg 1536w, https:\/\/museuciencies.cat\/wp-content\/uploads\/2026\/02\/140513_antartic-13-2048x1365.jpg 2048w\" sizes=\"auto, (max-width: 615px) 100vw, 615px\" \/><p id=\"caption-attachment-125849\" class=\"wp-caption-text\">Josefina Castellv\u00ed a l&#8217;espai Niu de Ci\u00e8ncia al Museu<\/p><\/div>\n<p>En palabras del director del Museo, Carles Lalueza-Fox, \u201cJosefina Castellv\u00ed abri\u00f3 caminos en un \u00e1mbito extremadamente exigente y masculinizado, y lo hizo con rigor, pasi\u00f3n y una enorme generosidad. Su ejemplo nos recuerda hasta qu\u00e9 punto la ciencia necesita referentes valientes y comprometidos con el conocimiento y con la sociedad\u201d.<\/p>\n<p>Su legado cient\u00edfico, humano y divulgativo continuar\u00e1 inspirando generaciones de cient\u00edficas y cient\u00edficos, as\u00ed como todas las personas que aman el mar y la naturaleza, tal como ella siempre defendi\u00f3<\/p>\n","protected":false},"excerpt":{"rendered":"<p>La bi\u00f3loga y ocean\u00f3grafa catalana Josefina Castellv\u00ed ha fallecido este lunes 2 de febrero, a los 90 a\u00f1os, en su ciudad natal, Barcelona. Con su desaparici\u00f3n, la comunidad cient\u00edfica pierde una figura clave en la investigaci\u00f3n sobre los ecosistemas polares y una voz imprescindible en la divulgaci\u00f3n del valor de los oc\u00e9anos y de los [&hellip;]<\/p>\n","protected":false},"author":2,"featured_media":0,"comment_status":"closed","ping_status":"closed","sticky":false,"template":"","format":"standard","meta":{"_acf_changed":false,"_jetpack_memberships_contains_paid_content":false,"footnotes":""},"categories":[3677],"tags":[],"class_list":["post-125856","post","type-post","status-publish","format-standard","hentry","category-ciencies-naturals-es"],"acf":{"destacat_portada":true,"presentacio_socials":[],"segona_part":"","tambe_us_pot_interessar":"","img_cap":125845,"presenta_peu":false,"imatge_llistat":{"ID":125849,"id":125849,"title":"140513_antartic (13)","filename":"140513_antartic-13-scaled.jpg","filesize":410115,"url":"https:\/\/museuciencies.cat\/wp-content\/uploads\/2026\/02\/140513_antartic-13-scaled.jpg","link":"https:\/\/museuciencies.cat\/es\/in-memoriam-josefina-castellvi-pionera-de-loceanografia-i-referent-de-la-divulgacio-cientifica\/140513_antartic-13\/","alt":"Josefina Castellv\u00ed a l'espai Niu de Ci\u00e8ncia al Museu","author":"2","description":"","caption":"Josefina Castellv\u00ed a l'espai Niu de Ci\u00e8ncia al Museu","name":"140513_antartic-13","status":"inherit","uploaded_to":125843,"date":"2026-02-05 10:37:33","modified":"2026-02-05 10:38:22","menu_order":0,"mime_type":"image\/jpeg","type":"image","subtype":"jpeg","icon":"https:\/\/museuciencies.cat\/wp-includes\/images\/media\/default.png","width":2560,"height":1707,"sizes":{"thumbnail":"https:\/\/museuciencies.cat\/wp-content\/uploads\/2026\/02\/140513_antartic-13-360x360.jpg","thumbnail-width":360,"thumbnail-height":360,"medium":"https:\/\/museuciencies.cat\/wp-content\/uploads\/2026\/02\/140513_antartic-13-615x410.jpg","medium-width":615,"medium-height":410,"medium_large":"https:\/\/museuciencies.cat\/wp-content\/uploads\/2026\/02\/140513_antartic-13-768x512.jpg","medium_large-width":768,"medium_large-height":512,"large":"https:\/\/museuciencies.cat\/wp-content\/uploads\/2026\/02\/140513_antartic-13-1024x683.jpg","large-width":1024,"large-height":683,"1536x1536":"https:\/\/museuciencies.cat\/wp-content\/uploads\/2026\/02\/140513_antartic-13-1536x1024.jpg","1536x1536-width":1536,"1536x1536-height":1024,"2048x2048":"https:\/\/museuciencies.cat\/wp-content\/uploads\/2026\/02\/140513_antartic-13-2048x1365.jpg","2048x2048-width":2048,"2048x2048-height":1365,"mobil":"https:\/\/museuciencies.cat\/wp-content\/uploads\/2026\/02\/140513_antartic-13-414x414.jpg","mobil-width":414,"mobil-height":414,"tablet":"https:\/\/museuciencies.cat\/wp-content\/uploads\/2026\/02\/140513_antartic-13-768x768.jpg","tablet-width":768,"tablet-height":768,"portada_sobretaula":"https:\/\/museuciencies.cat\/wp-content\/uploads\/2026\/02\/140513_antartic-13-1600x900.jpg","portada_sobretaula-width":1600,"portada_sobretaula-height":900,"capcalera_sobretaula":"https:\/\/museuciencies.cat\/wp-content\/uploads\/2026\/02\/140513_antartic-13-1920x470.jpg","capcalera_sobretaula-width":1920,"capcalera_sobretaula-height":470,"thumb-noticia":"https:\/\/museuciencies.cat\/wp-content\/uploads\/2026\/02\/140513_antartic-13-560x315.jpg","thumb-noticia-width":560,"thumb-noticia-height":315}},"nou_carrusel":false,"boto_de_link_o_mail":false,"arxius_adjunts":false,"links_associats":false,"presenta_fills":"no","publicar_al_quiosc":true,"activeu_alerta":false,"text_alerta":""},"jetpack_featured_media_url":"","jetpack_sharing_enabled":true,"_links":{"self":[{"href":"https:\/\/museuciencies.cat\/es\/wp-json\/wp\/v2\/posts\/125856","targetHints":{"allow":["GET"]}}],"collection":[{"href":"https:\/\/museuciencies.cat\/es\/wp-json\/wp\/v2\/posts"}],"about":[{"href":"https:\/\/museuciencies.cat\/es\/wp-json\/wp\/v2\/types\/post"}],"author":[{"embeddable":true,"href":"https:\/\/museuciencies.cat\/es\/wp-json\/wp\/v2\/users\/2"}],"replies":[{"embeddable":true,"href":"https:\/\/museuciencies.cat\/es\/wp-json\/wp\/v2\/comments?post=125856"}],"version-history":[{"count":3,"href":"https:\/\/museuciencies.cat\/es\/wp-json\/wp\/v2\/posts\/125856\/revisions"}],"predecessor-version":[{"id":125863,"href":"https:\/\/museuciencies.cat\/es\/wp-json\/wp\/v2\/posts\/125856\/revisions\/125863"}],"wp:attachment":[{"href":"https:\/\/museuciencies.cat\/es\/wp-json\/wp\/v2\/media?parent=125856"}],"wp:term":[{"taxonomy":"category","embeddable":true,"href":"https:\/\/museuciencies.cat\/es\/wp-json\/wp\/v2\/categories?post=125856"},{"taxonomy":"post_tag","embeddable":true,"href":"https:\/\/museuciencies.cat\/es\/wp-json\/wp\/v2\/tags?post=125856"}],"curies":[{"name":"wp","href":"https:\/\/api.w.org\/{rel}","templated":true}]}}