{"id":124161,"date":"2025-11-13T14:00:43","date_gmt":"2025-11-13T12:00:43","guid":{"rendered":"https:\/\/museuciencies.cat\/?p=124161"},"modified":"2025-11-13T12:34:36","modified_gmt":"2025-11-13T10:34:36","slug":"el-trito-palmat-va-recolonitzar-europa-des-dels-pirineus","status":"publish","type":"post","link":"https:\/\/museuciencies.cat\/es\/el-trito-palmat-va-recolonitzar-europa-des-dels-pirineus\/","title":{"rendered":"El trit\u00f3n palmeado recoloniz\u00f3 Europa desde los Pirineos"},"content":{"rendered":"<ul>\n<li><strong>Un estudio revela el origen pirenaico del trit\u00f3n palmeado despu\u00e9s \u00a0de las glaciaciones<\/strong><\/li>\n<li><strong>La investigaci\u00f3n identifica la zona de Andorra y los valles vecinos como punto clave de recolonizaci\u00f3n de Europa por parte de la especie<\/strong><\/li>\n<\/ul>\n<p>Un equipo internacional de cient\u00edficos, liderado por el <strong>Museu de Ci\u00e8ncies Naturals de Barcelona<\/strong> y el <a href=\"https:\/\/www.ibe.upf-csic.es\/\"><strong>Institut de Biologia Evolutiva<\/strong><\/a><strong> (<\/strong><a href=\"https:\/\/www.ibe.upf-csic.es\/\"><strong>IBE<\/strong><\/a><strong>)<\/strong>, un centro mixto del <a href=\"https:\/\/www.csic.es\/\">Consejo Superior de Investigaciones Cientificas (CSIC)<\/a> y la <a href=\"https:\/\/www.upf.edu\/\">Universitat Pompeu Fabra (UPF)<\/a>,, ha reconstruido la historia evolutiva del trit\u00f3n palmeado (<em>Lissotriton helveticus<\/em>), una especie de anfibio ampliamente distribuida en Europa occidental. El estudio, publicado en la revista cient\u00edfica <em>Ecology and Evolution<\/em>, utiliza datos gen\u00f3micos de alta resoluci\u00f3n para identificar las rutas de dispersi\u00f3n postglacial y los refugios clim\u00e1ticos que permitieron la supervivencia de la especie durante las glaciaciones del Cuaternario.<\/p>\n<h3>Un viaje gen\u00e9tico desde el norte de la Pen\u00ednsula Ib\u00e9rica<\/h3>\n<p>Los resultados indican que el trit\u00f3n palmeado sobrevivi\u00f3 a las glaciaciones en refugios clim\u00e1ticos situados en el norte de la Pen\u00ednsula Ib\u00e9rica, desde donde se expandi\u00f3 hacia Europa siguiendo dos rutas principales: una a trav\u00e9s de la cuenca del Ebro y otra atravesando los Pirineos, especialmente desde la zona de Andorra. Esta \u00faltima ruta ha sido identificada como el origen de la recolonizaci\u00f3n europea de la especie.<\/p>\n<p>\u201cEste estudio nos ha permitido entender c\u00f3mo las placiaciones modelaron la distribuci\u00f3n actual del trit\u00f3n palmeado y el papel clave de los Pirineos como puente biogeogr\u00e1fico\u201d, explica Bernat Burriel, investigador del Museu de Ci\u00e8ncies Naturals de Barcelona y autor principal del estudio.<\/p>\n<div id=\"attachment_124146\" style=\"width: 625px\" class=\"wp-caption aligncenter\"><img loading=\"lazy\" decoding=\"async\" aria-describedby=\"caption-attachment-124146\" class=\"size-medium wp-image-124146\" src=\"https:\/\/museuciencies.cat\/wp-content\/uploads\/2025\/11\/Lissotriton-helveticus-by-Gilles-San-Martin-CC-BY-SA-2.0-615x410.jpg\" alt=\"Parella de Trit\u00f3 palmat dins aigua. Lissotriton-helveticus\" width=\"615\" height=\"410\" srcset=\"https:\/\/museuciencies.cat\/wp-content\/uploads\/2025\/11\/Lissotriton-helveticus-by-Gilles-San-Martin-CC-BY-SA-2.0-615x410.jpg 615w, https:\/\/museuciencies.cat\/wp-content\/uploads\/2025\/11\/Lissotriton-helveticus-by-Gilles-San-Martin-CC-BY-SA-2.0-1024x683.jpg 1024w, https:\/\/museuciencies.cat\/wp-content\/uploads\/2025\/11\/Lissotriton-helveticus-by-Gilles-San-Martin-CC-BY-SA-2.0-768x512.jpg 768w, https:\/\/museuciencies.cat\/wp-content\/uploads\/2025\/11\/Lissotriton-helveticus-by-Gilles-San-Martin-CC-BY-SA-2.0-1536x1024.jpg 1536w, https:\/\/museuciencies.cat\/wp-content\/uploads\/2025\/11\/Lissotriton-helveticus-by-Gilles-San-Martin-CC-BY-SA-2.0-2048x1366.jpg 2048w\" sizes=\"auto, (max-width: 615px) 100vw, 615px\" \/><p id=\"caption-attachment-124146\" class=\"wp-caption-text\">Trit\u00f3n palmeado ( <i>Lissotriton-helveticus<\/i> ). -Imagen de Gilles San Martin. CC-BY-SA-2.0<\/p><\/div>\n<h3>Los r\u00edos como corredores evolutivos<\/h3>\n<p>Las condiciones clim\u00e1ticas durante per\u00edodos c\u00e1lidos favorecieron la expansi\u00f3n del trit\u00f3n, mientras que durante las glaciaciones quedaba confinado en el norte ib\u00e9rico. El estudio destaca el papel fundamental de los r\u00edos como v\u00edas de dispersi\u00f3n y como refugios clim\u00e1ticos. En particular, el r\u00edo Garonne ha sido clave en la dispersi\u00f3n hacia el norte durante los periodos interglaciares. Adem\u00e1s, se ha confirmado que la poblaci\u00f3n del Delta del Ebro representa una l\u00ednea gen\u00e9tica relicta, con importantes implicaciones para su conservaci\u00f3n.<\/p>\n<h3>Participaci\u00f3n catalana<\/h3>\n<p>El estudio ha contado con la participaci\u00f3n de Bernat Burriel, investigador del Museu de Ci\u00e8ncies Naturals de Barcelona, diversos investigadores del Institut de Biologia Evolutiva (IBE: CSIC-UPF), del Centre de Recerca i Educaci\u00f3 Ambiental de Calafell (CREAC-GRENP-Ajuntament de Calafell), as\u00ed como investigadores de diversas instituciones espa\u00f1olas y europeas. Esta investigaci\u00f3n ha sido financiada por la Fundaci\u00f3n \u201cla Caixa\u201d, la Fundaci\u00f3n Barcelona Zoo, y el programa Joan Or\u00f3 de la Generalitat de Catalunya, entre otros.<\/p>\n<h3>Implicaciones para la conservaci\u00f3n<\/h3>\n<p>Este trabajo proporciona herramientas clave para la gesti\u00f3n y conservaci\u00f3n de especies amenazadas, especialmente en un contexto de cambio clim\u00e1tico. La identificaci\u00f3n de refugios hist\u00f3ricos y rutas de dispersi\u00f3n puede ayudar a proteger poblaciones vulnerables y a planificar acciones de restauraci\u00f3n ecol\u00f3gica. \u201cIdentificar estas rutes de dispersi\u00f3n y los refugios clim\u00e1ticos nos da herramientas valiosas para protegir especies como el trit\u00f3n palmeado en un contexto de cambio global\u201d, afirma Bernat Burriel, investigador del Museu de Ci\u00e8ncies Naturals de Barcelona.<\/p>\n<p>&nbsp;<\/p>\n<p><strong>Art\u00edculo de referencia:<\/strong><\/p>\n<p>Burriel-Carranza,\u00a0B.,\u00a0J. L\u00f3pez-Caro,\u00a0A. Jord\u00e0, et al.\u00a02025. \u201c\u00a0Phylogeographic and Genomic Insights Unveil the Evolutionary History and Post-Glacial Recolonization Routes of the Palmate Newt (<em>Lissotriton helveticus<\/em>) Into Europe.\u201d\u00a0<em>Ecology and Evolution<\/em>\u00a015, no.\u00a09: e71994.\u00a0<a href=\"https:\/\/doi.org\/10.1002\/ece3.71994\"><strong>https:\/\/doi.org\/10.1002\/ece3.71994<\/strong><\/a><\/p>\n<p>&nbsp;<\/p>\n","protected":false},"excerpt":{"rendered":"<p>Un estudio revela el origen pirenaico del trit\u00f3n palmeado despu\u00e9s \u00a0de las glaciaciones La investigaci\u00f3n identifica la zona de Andorra y los valles vecinos como punto clave de recolonizaci\u00f3n de Europa por parte de la especie Un equipo internacional de cient\u00edficos, liderado por el Museu de Ci\u00e8ncies Naturals de Barcelona y el Institut de Biologia [&hellip;]<\/p>\n","protected":false},"author":2,"featured_media":0,"comment_status":"closed","ping_status":"closed","sticky":false,"template":"","format":"standard","meta":{"_acf_changed":false,"_jetpack_memberships_contains_paid_content":false,"footnotes":""},"categories":[3582],"tags":[3708,3673,3709],"class_list":["post-124161","post","type-post","status-publish","format-standard","hentry","category-recerca-es","tag-lissotriton-helveticus-es","tag-recerca-es","tag-trito-palmat-es"],"acf":{"destacat_portada":true,"presentacio_socials":[],"segona_part":"","tambe_us_pot_interessar":"","img_cap":124155,"presenta_peu":false,"imatge_llistat":{"ID":124150,"id":124150,"title":"Lissotriton helveticus\u201d by Alexandre Roux, CC BY-NC-SA 2.0","filename":"Lissotriton-helveticus-by-Alexandre-Roux-CC-BY-NC-SA-2.0.jpg","filesize":1377270,"url":"https:\/\/museuciencies.cat\/wp-content\/uploads\/2025\/11\/Lissotriton-helveticus-by-Alexandre-Roux-CC-BY-NC-SA-2.0.jpg","link":"https:\/\/museuciencies.cat\/es\/el-trito-palmat-va-recolonitzar-europa-des-dels-pirineus\/lissotriton-helveticus-by-alexandre-roux-cc-by-nc-sa-2-0\/","alt":"Trit\u00f3 palmat, Lissotriton-helveticus-, damunt planta a dins aigua","author":"2","description":"","caption":"Trit\u00f3 palmat (<i>Lissotriton helveticus<\/i>). Imatge de Alexandre Roux. CC-BY-NC-SA-2.0","name":"lissotriton-helveticus-by-alexandre-roux-cc-by-nc-sa-2-0","status":"inherit","uploaded_to":124144,"date":"2025-11-13 09:12:03","modified":"2025-11-13 10:23:39","menu_order":0,"mime_type":"image\/jpeg","type":"image","subtype":"jpeg","icon":"https:\/\/museuciencies.cat\/wp-includes\/images\/media\/default.png","width":1712,"height":1208,"sizes":{"thumbnail":"https:\/\/museuciencies.cat\/wp-content\/uploads\/2025\/11\/Lissotriton-helveticus-by-Alexandre-Roux-CC-BY-NC-SA-2.0-360x360.jpg","thumbnail-width":360,"thumbnail-height":360,"medium":"https:\/\/museuciencies.cat\/wp-content\/uploads\/2025\/11\/Lissotriton-helveticus-by-Alexandre-Roux-CC-BY-NC-SA-2.0-615x434.jpg","medium-width":615,"medium-height":434,"medium_large":"https:\/\/museuciencies.cat\/wp-content\/uploads\/2025\/11\/Lissotriton-helveticus-by-Alexandre-Roux-CC-BY-NC-SA-2.0-768x542.jpg","medium_large-width":768,"medium_large-height":542,"large":"https:\/\/museuciencies.cat\/wp-content\/uploads\/2025\/11\/Lissotriton-helveticus-by-Alexandre-Roux-CC-BY-NC-SA-2.0-1024x723.jpg","large-width":1024,"large-height":723,"1536x1536":"https:\/\/museuciencies.cat\/wp-content\/uploads\/2025\/11\/Lissotriton-helveticus-by-Alexandre-Roux-CC-BY-NC-SA-2.0-1536x1084.jpg","1536x1536-width":1536,"1536x1536-height":1084,"2048x2048":"https:\/\/museuciencies.cat\/wp-content\/uploads\/2025\/11\/Lissotriton-helveticus-by-Alexandre-Roux-CC-BY-NC-SA-2.0.jpg","2048x2048-width":1712,"2048x2048-height":1208,"mobil":"https:\/\/museuciencies.cat\/wp-content\/uploads\/2025\/11\/Lissotriton-helveticus-by-Alexandre-Roux-CC-BY-NC-SA-2.0-414x414.jpg","mobil-width":414,"mobil-height":414,"tablet":"https:\/\/museuciencies.cat\/wp-content\/uploads\/2025\/11\/Lissotriton-helveticus-by-Alexandre-Roux-CC-BY-NC-SA-2.0-768x768.jpg","tablet-width":768,"tablet-height":768,"portada_sobretaula":"https:\/\/museuciencies.cat\/wp-content\/uploads\/2025\/11\/Lissotriton-helveticus-by-Alexandre-Roux-CC-BY-NC-SA-2.0-1600x900.jpg","portada_sobretaula-width":1600,"portada_sobretaula-height":900,"capcalera_sobretaula":"https:\/\/museuciencies.cat\/wp-content\/uploads\/2025\/11\/Lissotriton-helveticus-by-Alexandre-Roux-CC-BY-NC-SA-2.0-1712x470.jpg","capcalera_sobretaula-width":1712,"capcalera_sobretaula-height":470,"thumb-noticia":"https:\/\/museuciencies.cat\/wp-content\/uploads\/2025\/11\/Lissotriton-helveticus-by-Alexandre-Roux-CC-BY-NC-SA-2.0-560x315.jpg","thumb-noticia-width":560,"thumb-noticia-height":315}},"nou_carrusel":false,"boto_de_link_o_mail":false,"arxius_adjunts":false,"links_associats":false,"presenta_fills":"no","publicar_al_quiosc":true,"activeu_alerta":false,"text_alerta":""},"jetpack_featured_media_url":"","jetpack_sharing_enabled":true,"_links":{"self":[{"href":"https:\/\/museuciencies.cat\/es\/wp-json\/wp\/v2\/posts\/124161","targetHints":{"allow":["GET"]}}],"collection":[{"href":"https:\/\/museuciencies.cat\/es\/wp-json\/wp\/v2\/posts"}],"about":[{"href":"https:\/\/museuciencies.cat\/es\/wp-json\/wp\/v2\/types\/post"}],"author":[{"embeddable":true,"href":"https:\/\/museuciencies.cat\/es\/wp-json\/wp\/v2\/users\/2"}],"replies":[{"embeddable":true,"href":"https:\/\/museuciencies.cat\/es\/wp-json\/wp\/v2\/comments?post=124161"}],"version-history":[{"count":2,"href":"https:\/\/museuciencies.cat\/es\/wp-json\/wp\/v2\/posts\/124161\/revisions"}],"predecessor-version":[{"id":124164,"href":"https:\/\/museuciencies.cat\/es\/wp-json\/wp\/v2\/posts\/124161\/revisions\/124164"}],"wp:attachment":[{"href":"https:\/\/museuciencies.cat\/es\/wp-json\/wp\/v2\/media?parent=124161"}],"wp:term":[{"taxonomy":"category","embeddable":true,"href":"https:\/\/museuciencies.cat\/es\/wp-json\/wp\/v2\/categories?post=124161"},{"taxonomy":"post_tag","embeddable":true,"href":"https:\/\/museuciencies.cat\/es\/wp-json\/wp\/v2\/tags?post=124161"}],"curies":[{"name":"wp","href":"https:\/\/api.w.org\/{rel}","templated":true}]}}