{"id":122924,"date":"2025-10-16T14:40:01","date_gmt":"2025-10-16T12:40:01","guid":{"rendered":"https:\/\/museuciencies.cat\/trasllat-de-les-colleccions-de-zoologia-del-castell-dels-tres-dragons\/"},"modified":"2025-10-29T11:44:34","modified_gmt":"2025-10-29T09:44:34","slug":"trasllat-de-les-colleccions-de-zoologia-del-castell-dels-tres-dragons","status":"publish","type":"post","link":"https:\/\/museuciencies.cat\/es\/trasllat-de-les-colleccions-de-zoologia-del-castell-dels-tres-dragons\/","title":{"rendered":"Traslado de las colecciones de zoolog\u00eda del Castell dels Tres Dragons"},"content":{"rendered":"<p>Acaba de empezar el traslado de casi 20.000 espec\u00edmenes de la colecci\u00f3n de vertebrados a la sede del Museo en el F\u00f2rum y tambi\u00e9n se reubicar\u00e1n dentro del mismo edificio de el Castell un 1.500.000 de ejemplares de las colecciones de invertebrados.<\/p>\n<p>El cambio de ubicaci\u00f3n de esta colecci\u00f3n es el paso previo necesario al inicio de las obras de restauraci\u00f3n del Castell, que est\u00e1 previsto que se pongan en marcha durante el primer trimestre de 2026. Tambi\u00e9n se bajar\u00e1n las colecciones de invertebrados de la primera y segunda plantas del edificio en la planta baja y en el s\u00f3tano, para que no se vean afectadas por las obras.<\/p>\n<p>Los trabajos previstos deben permitir la restauraci\u00f3n y consolidaci\u00f3n de las fachadas, as\u00ed como la renovaci\u00f3n y mejora energ\u00e9tica de la cubierta de este edificio singular.<\/p>\n<p>El director del Museo, Carles Lalueza, ha asegurado que, con el traslado al F\u00f3rum, \u00abse mejorar\u00e1n las condiciones de conservaci\u00f3n y climatizaci\u00f3n de las piezas al mismo tiempo que se evitar\u00e1 que se estropeen con el inicio de las obras de las fachadas del Castell. El objetivo es que los ejemplares se dediquen a finalidades cient\u00edficas, como hasta ahora, formando parte de diversos estudios o de contenidos de exposiciones temporales\u00bb.<\/p>\n<p>Lalueza ha destacado que la transformaci\u00f3n del Castell debe servir para convertirlo en un equipamiento \u00ababierto al p\u00fablico, vers\u00e1til, polivalente, patrimonial y con diferentes espacios que puedan mantener el car\u00e1cter cient\u00edfico que siempre ha tenido el Castell\u00bb.<\/p>\n<h3>Preparaci\u00f3n y traslado de las colecciones de zoolog\u00eda<\/h3>\n<p>Para realizar un traslado de estas caracter\u00edsticas, que implica mover animales de gran tama\u00f1o como elefantes, huesos o avestruces; adem\u00e1s del personal del Museo, interviene un equipo de 20 personas de una empresa especializada en la manipulaci\u00f3n y transporte de objetos patrimoniales. El proceso de preparaci\u00f3n de las colecciones y de su traslado consta de cinco fases:<\/p>\n<ol>\n<li><strong>Trabajos preliminares:<\/strong> Se establece una zona de trabajo para encajar y embalar; se determinan zonas de almacenamiento de cajas y material de embalaje; una zona de preparaci\u00f3n y almacenamiento de pal\u00e9s e instalaci\u00f3n de tres congeladores independientes en el exterior del edificio para realizar tareas de cuarentena de espec\u00edmenes.<\/li>\n<li><strong>Preparaci\u00f3n para el traslado:<\/strong> Embalaje de los espec\u00edmenes con materiales apropiados, inmovilizaci\u00f3n con material de relleno, registro de contenido, etiquetado con nomenclatura de destino y preparaci\u00f3n para el transporte.<\/li>\n<li><strong>Cuarentena por congelaci\u00f3n<\/strong>: Algunos ejemplares tendr\u00e1n que pasar 15 d\u00edas en los congeladores auxiliares instalados en el exterior del Castell para garantizar la eliminaci\u00f3n de posibles plagas y no contaminar el espacio de destino.<\/li>\n<li><strong>Transporte<\/strong> de las colecciones de vertebrados en la sede del F\u00f3rum.<\/li>\n<li><strong>Recepci\u00f3n y ubicaci\u00f3n de las colecciones de vertebrados en destino<\/strong>: Desembalaje de los pal\u00e9s, registro de la entrada de las cajas en los compactos, ubicaci\u00f3n de las cajas y retirada del material de inmovilizaci\u00f3n<\/li>\n<li><strong>Movimiento<\/strong> de las colecciones de invertebrados desde las plantas 1 y 2 del Castillo en la planta 0, en la cual se encontraban los vertebrados.<\/li>\n<li><strong>Singularidades:<\/strong> Hay un total de 500 piezas que por su tama\u00f1o, peso o fragilidad deben recibir otro tratamiento en cuanto al embalaje y transporte.<\/li>\n<\/ol>\n<div id=\"attachment_122477\" style=\"width: 471px\" class=\"wp-caption aligncenter\"><img loading=\"lazy\" decoding=\"async\" aria-describedby=\"caption-attachment-122477\" class=\"size-medium wp-image-122477\" src=\"https:\/\/museuciencies.cat\/wp-content\/uploads\/2025\/10\/20251016_092146-461x615.jpg\" alt=\"Sal de la balena del Castell dels Tres Dragons amb les col\u00b7leccions embalades a punt pel seu trasllat\" width=\"461\" height=\"615\" srcset=\"https:\/\/museuciencies.cat\/wp-content\/uploads\/2025\/10\/20251016_092146-461x615.jpg 461w, https:\/\/museuciencies.cat\/wp-content\/uploads\/2025\/10\/20251016_092146-768x1024.jpg 768w, https:\/\/museuciencies.cat\/wp-content\/uploads\/2025\/10\/20251016_092146-1152x1536.jpg 1152w, https:\/\/museuciencies.cat\/wp-content\/uploads\/2025\/10\/20251016_092146-1536x2048.jpg 1536w, https:\/\/museuciencies.cat\/wp-content\/uploads\/2025\/10\/20251016_092146-scaled.jpg 1920w\" sizes=\"auto, (max-width: 461px) 100vw, 461px\" \/><p id=\"caption-attachment-122477\" class=\"wp-caption-text\">Sala de la ballena del Castell dels Tres Dragons con las colecciones embaladas a punto de su traslado.<\/p><\/div>\n<p>El Castell dels Tres Dragons es una de las sedes del Museo, y hasta el inicio del traslado, custodiaba las colecciones de zoolog\u00eda y geolog\u00eda, as\u00ed como el \u00e1rea cient\u00edfica del Museo. El objetivo del traslado es evitar que las piezas se estropeen durante las obras de las fachadas y al mismo tiempo trasladarlas a espacios m\u00e1s adecuados para su utilizaci\u00f3n en proyectos de investigaci\u00f3n, consulta y conservaci\u00f3n.<\/p>\n<h3>La reforma de las fachadas es el paso previo a la rehabilitaci\u00f3n del interior<\/h3>\n<p>Est\u00e1 previsto que las obras del exterior se inicien durante el primer trimestre de 2026 y deben servir para restaurar y consolidar las fachadas, as\u00ed como la renovaci\u00f3n y mejora energ\u00e9tica en la cubierta de este edificio singular.<\/p>\n<p>Una vez finalice la reforma del exterior, se iniciar\u00e1 la transformaci\u00f3n del interior\u00a0 para ubicar una cafeter\u00eda-restaurante, se prev\u00e9 potenciar el papel cultural y cient\u00edfico creando salas para usos expositivos y educativos del Museo de Ciencias Naturales de Barcelona, \u200b\u200bidear un gran auditorio y proyectar un espacio para la biblioteca especializada en ciencias.<\/p>\n<h3>El Castell, una pieza del eje patrimonial de la Ciutadella del Coneixement<\/h3>\n<p>El Castell dels Tres Dragons, forma parte, conjuntamente con el Hivernacle, el Centro Martorell de Exposiciones y el Umbracle, del eje patrimonial de la Ciutadella del Conocimiento; un proyecto cient\u00edfico y urban\u00edstico pionero que apuesta por convertir el parque y sus entornos en un nodo de conocimiento, divulgaci\u00f3n, investigaci\u00f3n e innovaci\u00f3n puntero en Europa.<\/p>\n<p>La voluntad es que el Castell funcione como correa de transmisi\u00f3n y divulgaci\u00f3n de todo el conocimiento cient\u00edfico que se genere en las \u00e1reas de investigaci\u00f3n de la Ciutadella del Coneixement, como son el complejo de investigaci\u00f3n del antiguo Mercat del Peixo donde habr\u00e1 tres edificios dedicados a la biomedicina, la biodiversidad y el bienestar planetario o el edificio de biociencias que el CSIC construir\u00e1 en el solar del antiguo Parque M\u00f2bil\u00a0 del Estado.<\/p>\n<h3>El Museu de Ci\u00e8ncies Naturals de Barcelona<\/h3>\n<p>El Museu de Ci\u00e8ncies Naturals de Barcelona est\u00e1 constituido por un conjunto de equipamientos muse\u00edsticos situados en tres emblem\u00e1ticos parques de la ciudad. La sede principal del Museo, en el parque del F\u00f2rum; el Jard\u00ed Bot\u00e0nic de Barcelona y el Jard\u00ed Bot\u00e0nic Hist\u00f2ric, en el parque de Montju\u00efc; y el Centre Martorell de Exposiciones, el Hivernacle y el Castell dels Tres Dragons (centre de investigaci\u00f3n en proceso de restauraci\u00f3n) en el parque de la Ciutadella.<\/p>\n<p>En total, esta instituci\u00f3n acumula 147 a\u00f1os de historia y un patrimonio de m\u00e1s de tres millones de ejemplares en los \u00e1mbitos de la mineralog\u00eda, la petrolog\u00eda, la paleontolog\u00eda, la zoolog\u00eda y la bot\u00e1nica.<\/p>\n<p>El Museo de Ciencias Naturales de Barcelona es un consorcio formado por el Ayuntamiento de Barcelona y la Generalitat de Catalunya.<\/p>\n","protected":false},"excerpt":{"rendered":"<p>Acaba de empezar el traslado de casi 20.000 espec\u00edmenes de la colecci\u00f3n de vertebrados a la sede del Museo en el F\u00f2rum y tambi\u00e9n se reubicar\u00e1n dentro del mismo edificio de el Castell un 1.500.000 de ejemplares de las colecciones de invertebrados. El cambio de ubicaci\u00f3n de esta colecci\u00f3n es el paso previo necesario al [&hellip;]<\/p>\n","protected":false},"author":2,"featured_media":0,"comment_status":"closed","ping_status":"closed","sticky":false,"template":"","format":"standard","meta":{"_acf_changed":false,"_jetpack_memberships_contains_paid_content":false,"footnotes":""},"categories":[2359],"tags":[],"class_list":["post-122924","post","type-post","status-publish","format-standard","hentry","category-museu-de-ciencies-naturals-de-barcelona-es"],"acf":{"destacat_portada":true,"presentacio_socials":[],"segona_part":"","tambe_us_pot_interessar":"","img_cap":5236,"presenta_peu":false,"imatge_llistat":false,"nou_carrusel":false,"boto_de_link_o_mail":false,"arxius_adjunts":false,"links_associats":false,"presenta_fills":"no","publicar_al_quiosc":true,"activeu_alerta":false,"text_alerta":""},"jetpack_featured_media_url":"","jetpack_sharing_enabled":true,"_links":{"self":[{"href":"https:\/\/museuciencies.cat\/es\/wp-json\/wp\/v2\/posts\/122924","targetHints":{"allow":["GET"]}}],"collection":[{"href":"https:\/\/museuciencies.cat\/es\/wp-json\/wp\/v2\/posts"}],"about":[{"href":"https:\/\/museuciencies.cat\/es\/wp-json\/wp\/v2\/types\/post"}],"author":[{"embeddable":true,"href":"https:\/\/museuciencies.cat\/es\/wp-json\/wp\/v2\/users\/2"}],"replies":[{"embeddable":true,"href":"https:\/\/museuciencies.cat\/es\/wp-json\/wp\/v2\/comments?post=122924"}],"version-history":[{"count":4,"href":"https:\/\/museuciencies.cat\/es\/wp-json\/wp\/v2\/posts\/122924\/revisions"}],"predecessor-version":[{"id":122944,"href":"https:\/\/museuciencies.cat\/es\/wp-json\/wp\/v2\/posts\/122924\/revisions\/122944"}],"wp:attachment":[{"href":"https:\/\/museuciencies.cat\/es\/wp-json\/wp\/v2\/media?parent=122924"}],"wp:term":[{"taxonomy":"category","embeddable":true,"href":"https:\/\/museuciencies.cat\/es\/wp-json\/wp\/v2\/categories?post=122924"},{"taxonomy":"post_tag","embeddable":true,"href":"https:\/\/museuciencies.cat\/es\/wp-json\/wp\/v2\/tags?post=122924"}],"curies":[{"name":"wp","href":"https:\/\/api.w.org\/{rel}","templated":true}]}}