{"id":121972,"date":"2025-08-26T10:13:19","date_gmt":"2025-08-26T08:13:19","guid":{"rendered":"https:\/\/museuciencies.cat\/el-centre-martorell-dexposicions-tanca-temporalment-per-preparar-la-nova-mostra-la-invencio-del-temps\/"},"modified":"2025-09-01T11:20:48","modified_gmt":"2025-09-01T09:20:48","slug":"el-centre-martorell-dexposicions-tanca-temporalment-per-preparar-la-nova-mostra-la-invencio-del-temps","status":"publish","type":"post","link":"https:\/\/museuciencies.cat\/es\/el-centre-martorell-dexposicions-tanca-temporalment-per-preparar-la-nova-mostra-la-invencio-del-temps\/","title":{"rendered":"El Centre Martorell de Exposiciones cierra temporalmente"},"content":{"rendered":"<p>A partir del <strong>1 de septiembre<\/strong>, el Centro Martorell de Exposiciones <strong>permanecer\u00e1 cerrado al p\u00fablico hasta el mes de diciembre<\/strong> con motivo de las tareas de <strong>desmontaje de las exposiciones temporales<\/strong> actuales: Naturaleza o Cultura y Wow, y el montaje de la nueva exposici\u00f3n de producci\u00f3n propia: <strong>\u00abLa invenci\u00f3n del tiempo\u00bb<\/strong>.<\/p>\n<p>Durante este per\u00edodo, el equipo del Museo trabajar\u00e1 intensamente en la transformaci\u00f3n de los espacios para acoger esta nueva propuesta, que invita a reflexionar sobre el concepto de tiempo desde m\u00faltiples perspectivas: la ciencia, la cultura y la condici\u00f3n humana. A trav\u00e9s de preguntas como \u00bfQu\u00e9 es el tiempo? \u00bfC\u00f3mo lo percibimos? \u00bfPodemos predecir el futuro o viajar al pasado?, la exposici\u00f3n propone una traves\u00eda tem\u00e1tica y emocional por este fen\u00f3meno tan abstracto y al mismo tiempo tan central en nuestra existencia.<\/p>\n<p>Os animamos a seguir nuestras redes sociales y la web para estar al d\u00eda de las novedades y conocer m\u00e1s detalles sobre la inauguraci\u00f3n de \u00abLa invenci\u00f3n del tiempo\u00bb, prevista para el mes de diciembre.<\/p>\n<p>Gracias por vuestra comprensi\u00f3n.<\/p>\n","protected":false},"excerpt":{"rendered":"<p>A partir del 1 de septiembre, el Centro Martorell de Exposiciones permanecer\u00e1 cerrado al p\u00fablico hasta el mes de diciembre con motivo de las tareas de desmontaje de las exposiciones temporales actuales: Naturaleza o Cultura y Wow, y el montaje de la nueva exposici\u00f3n de producci\u00f3n propia: \u00abLa invenci\u00f3n del tiempo\u00bb. Durante este per\u00edodo, el [&hellip;]<\/p>\n","protected":false},"author":2,"featured_media":0,"comment_status":"closed","ping_status":"closed","sticky":false,"template":"","format":"standard","meta":{"_acf_changed":false,"_jetpack_memberships_contains_paid_content":false,"footnotes":""},"categories":[3641],"tags":[],"class_list":["post-121972","post","type-post","status-publish","format-standard","hentry","category-centre-martorell-dexposicions-es"],"acf":{"destacat_portada":true,"presentacio_socials":[],"publicar_al_quiosc":true,"segona_part":"","tambe_us_pot_interessar":"","img_cap":107590,"presenta_peu":false,"imatge_llistat":{"ID":117257,"id":117257,"title":"nat231219_033-scaled","filename":"nat231219_033-scaled-1.jpg","filesize":640137,"url":"https:\/\/museuciencies.cat\/wp-content\/uploads\/2025\/02\/nat231219_033-scaled-1.jpg","link":"https:\/\/museuciencies.cat\/es\/vine-al-museu-per-santa-eulalia-3\/nat231219_033-scaled\/","alt":"","author":"2","description":"","caption":"Exposici\u00f3 Natura o Cultura. Imatge de Pep Herrero\/MCNB","name":"nat231219_033-scaled","status":"inherit","uploaded_to":117224,"date":"2025-02-05 12:06:54","modified":"2025-02-05 12:07:27","menu_order":0,"mime_type":"image\/jpeg","type":"image","subtype":"jpeg","icon":"https:\/\/museuciencies.cat\/wp-includes\/images\/media\/default.png","width":2560,"height":1703,"sizes":{"thumbnail":"https:\/\/museuciencies.cat\/wp-content\/uploads\/2025\/02\/nat231219_033-scaled-1-360x360.jpg","thumbnail-width":360,"thumbnail-height":360,"medium":"https:\/\/museuciencies.cat\/wp-content\/uploads\/2025\/02\/nat231219_033-scaled-1-615x409.jpg","medium-width":615,"medium-height":409,"medium_large":"https:\/\/museuciencies.cat\/wp-content\/uploads\/2025\/02\/nat231219_033-scaled-1-768x511.jpg","medium_large-width":768,"medium_large-height":511,"large":"https:\/\/museuciencies.cat\/wp-content\/uploads\/2025\/02\/nat231219_033-scaled-1-1024x681.jpg","large-width":1024,"large-height":681,"1536x1536":"https:\/\/museuciencies.cat\/wp-content\/uploads\/2025\/02\/nat231219_033-scaled-1-1536x1022.jpg","1536x1536-width":1536,"1536x1536-height":1022,"2048x2048":"https:\/\/museuciencies.cat\/wp-content\/uploads\/2025\/02\/nat231219_033-scaled-1-2048x1362.jpg","2048x2048-width":2048,"2048x2048-height":1362,"mobil":"https:\/\/museuciencies.cat\/wp-content\/uploads\/2025\/02\/nat231219_033-scaled-1-414x414.jpg","mobil-width":414,"mobil-height":414,"tablet":"https:\/\/museuciencies.cat\/wp-content\/uploads\/2025\/02\/nat231219_033-scaled-1-768x768.jpg","tablet-width":768,"tablet-height":768,"portada_sobretaula":"https:\/\/museuciencies.cat\/wp-content\/uploads\/2025\/02\/nat231219_033-scaled-1-1600x900.jpg","portada_sobretaula-width":1600,"portada_sobretaula-height":900,"capcalera_sobretaula":"https:\/\/museuciencies.cat\/wp-content\/uploads\/2025\/02\/nat231219_033-scaled-1-1920x470.jpg","capcalera_sobretaula-width":1920,"capcalera_sobretaula-height":470,"thumb-noticia":"https:\/\/museuciencies.cat\/wp-content\/uploads\/2025\/02\/nat231219_033-scaled-1-560x315.jpg","thumb-noticia-width":560,"thumb-noticia-height":315}},"nou_carrusel":false,"boto_de_link_o_mail":false,"arxius_adjunts":false,"links_associats":false,"presenta_fills":"no","activeu_alerta":false,"text_alerta":""},"jetpack_featured_media_url":"","jetpack_sharing_enabled":true,"_links":{"self":[{"href":"https:\/\/museuciencies.cat\/es\/wp-json\/wp\/v2\/posts\/121972","targetHints":{"allow":["GET"]}}],"collection":[{"href":"https:\/\/museuciencies.cat\/es\/wp-json\/wp\/v2\/posts"}],"about":[{"href":"https:\/\/museuciencies.cat\/es\/wp-json\/wp\/v2\/types\/post"}],"author":[{"embeddable":true,"href":"https:\/\/museuciencies.cat\/es\/wp-json\/wp\/v2\/users\/2"}],"replies":[{"embeddable":true,"href":"https:\/\/museuciencies.cat\/es\/wp-json\/wp\/v2\/comments?post=121972"}],"version-history":[{"count":2,"href":"https:\/\/museuciencies.cat\/es\/wp-json\/wp\/v2\/posts\/121972\/revisions"}],"predecessor-version":[{"id":121975,"href":"https:\/\/museuciencies.cat\/es\/wp-json\/wp\/v2\/posts\/121972\/revisions\/121975"}],"wp:attachment":[{"href":"https:\/\/museuciencies.cat\/es\/wp-json\/wp\/v2\/media?parent=121972"}],"wp:term":[{"taxonomy":"category","embeddable":true,"href":"https:\/\/museuciencies.cat\/es\/wp-json\/wp\/v2\/categories?post=121972"},{"taxonomy":"post_tag","embeddable":true,"href":"https:\/\/museuciencies.cat\/es\/wp-json\/wp\/v2\/tags?post=121972"}],"curies":[{"name":"wp","href":"https:\/\/api.w.org\/{rel}","templated":true}]}}