{"id":118394,"date":"2025-04-02T10:51:24","date_gmt":"2025-04-02T08:51:24","guid":{"rendered":"https:\/\/museuciencies.cat\/quatre-exemplars-del-jardi-botanic-historic-declarats-arbres-monumentals\/"},"modified":"2025-04-02T11:00:33","modified_gmt":"2025-04-02T09:00:33","slug":"quatre-exemplars-del-jardi-botanic-historic-declarats-arbres-monumentals","status":"publish","type":"post","link":"https:\/\/museuciencies.cat\/es\/quatre-exemplars-del-jardi-botanic-historic-declarats-arbres-monumentals\/","title":{"rendered":"Cuatro ejemplares del Jard\u00ed Bot\u00e0nic Hist\u00f2ric declarados \u00e1rboles monumentales"},"content":{"rendered":"<p><strong>Un pl\u00e1tano falso, dos fresnos y un noga<\/strong>l del <a href=\"https:\/\/museuciencies.cat\/es\/el-nat\/las-sedes\/jardin-botanico-historico\/\" target=\"_blank\" rel=\"noopener\"><strong>Jard\u00ed Bot\u00e0nic Hist\u00f2ric<\/strong><\/a>, situado en Montju\u00efc, han sido reconocidos con la distinci\u00f3n de \u00e1rboles monumentales por la Generalitat de Catalunya. Es la primera vez que se incluyen ejemplares del Barcelon\u00e8s.<\/p>\n<p>Esta nueva declaraci\u00f3n de \u00e1rboles monumentales, con un total de 24 en toda Catalunya, llega nueve a\u00f1os despu\u00e9s de la \u00faltima incorporaci\u00f3n al cat\u00e1logo. El resto de los \u00e1rboles protegidos se encuentran repartidos por la Conca de Barber\u00e0, Osona y el Pallars Sobir\u00e0, entre otros. En el listado se pueden encontrar desde pinos y robles hasta cerezos silvestres. Tambi\u00e9n hay algunos \u00e1rboles de alto valor simb\u00f3lico como el Castanyer de les Nou Branques de Viladrau, que los vecinos eligieron como emblema para representar al municipio en su escudo, o el Pi d&#8217;en Xandri, de Sant Cugat del Vall\u00e8s.<\/p>\n<h3>Los \u00e1rboles monumentales del Jard\u00ed Bot\u00e0nic Hist\u00f2ric<\/h3>\n<p><strong>Estos cuatro ejemplares<\/strong> se encuentran en el Sot de l\u2019Estany del Jard\u00ed, un espacio que ofrece condiciones ideales para su crecimiento excepcional. Todos ellos destacan por su altura, que supera los 30 metros, convirti\u00e9ndolos en algunos de los <strong>\u00e1rboles m\u00e1s altos de Barcelona<\/strong>, aunque la medida exacta resulta dif\u00edcil de calcular debido a la orograf\u00eda del terreno y la frondosidad de la vegetaci\u00f3n<\/p>\n<p>La <strong><a href=\"https:\/\/www.barcelona.cat\/ca\/que-pots-fer-a-bcn\/parcs-i-jardins\/arbres-interes-local\/arbre-d-interes-local-noguera-amb-ales-jardi-botanic-historic-sector-de-l-estany-99400637930\">Noguera Alada de Rehder<\/a><\/strong> (<em>Pterocarya x rehderiana<\/em>) es un h\u00edbrido entre dos especies de nogales, una del C\u00e1ucaso y la otra de China. Plantada antes de 1930, ha alcanzado unas dimensiones impresionantes gracias a las condiciones de temperatura y humedad del Jard\u00ed, convirti\u00e9ndose en el \u00e1rbol m\u00e1s grande de su entorno.<\/p>\n<p>Los dos <strong>fresnos, <\/strong><a href=\"https:\/\/www.barcelona.cat\/ca\/que-pots-fer-a-bcn\/parcs-i-jardins\/arbres-interes-local\/arbre-d-interes-local-freixe-de-pennsilvania-antic-jardi-botanic-av-dels-montanyans-sn-99400455008\"><strong>el Rojo Americano<\/strong><\/a> (<em>Fraxinus pennsylvanica<\/em>) y <a href=\"https:\/\/www.barcelona.cat\/es\/que-hacer-en-bcn\/parques-y-jardines\/arboles-de-interes-local\/arbre-d-interes-local-freixe-de-fulla-estreta-jardi-botanic-historic-sector-de-l-estany-99400637941\">e<strong>l de Hoja Estrecha<\/strong><\/a> (<em>Fraxinus angustifolia<\/em>), crecen en la parte m\u00e1s profunda del Sot y tambi\u00e9n destacan por su singularidad y altura. El primero, originario de las zonas inundables del este de Am\u00e9rica del Norte, es muy poco com\u00fan en Barcelona, mientras que el segundo, especie aut\u00f3ctona de los bosques de ribera, es el m\u00e1s alto medido en Catalunya de su especie.<\/p>\n<p>Por otro lado, el <strong><a href=\"https:\/\/www.barcelona.cat\/es\/que-hacer-en-bcn\/parques-y-jardines\/arboles-de-interes-local\/arbre-d-interes-local-fals-platan-jardi-botanic-historic-sector-de-l-estany-99400637939\">Pl\u00e1tano Falso<\/a><\/strong> (<em>Acer pseudoplatanus<\/em>), tan alto como los dem\u00e1s pero m\u00e1s esbelto, es una especie habitual en muchas ciudades europeas de clima continental. Sin embargo, en Barcelona es una rareza, especialmente con las magnitudes que ha alcanzado en este entorno.<\/p>\n<p class=\"jetpack-slideshow-noscript robots-nocontent\">El pase de diapositivas requiere JavaScript.<\/p><div id=\"gallery-118394-1-slideshow\" class=\"jetpack-slideshow-window jetpack-slideshow jetpack-slideshow-black\" data-trans=\"fade\" data-autostart=\"1\" data-gallery=\"[{&quot;src&quot;:&quot;https:\\\/\\\/museuciencies.cat\\\/wp-content\\\/uploads\\\/2025\\\/04\\\/NogueraAladaJMdeLlobet-scaled.jpg&quot;,&quot;id&quot;:&quot;118375&quot;,&quot;title&quot;:&quot;NogueraAlada(JMdeLlobet)&quot;,&quot;alt&quot;:&quot;Noguera Alada de Rehder (Pterocarya x rehderiana al Jard\\u00ed Bot\\u00e0nic Hist\\u00f2ric&quot;,&quot;caption&quot;:&quot;Noguera Alada de Rehder (Pterocarya x rehderiana&quot;,&quot;itemprop&quot;:&quot;image&quot;},{&quot;src&quot;:&quot;https:\\\/\\\/museuciencies.cat\\\/wp-content\\\/uploads\\\/2025\\\/04\\\/FreixaVermellAmerica.jpg&quot;,&quot;id&quot;:&quot;118387&quot;,&quot;title&quot;:&quot;FreixaVermellAmerica&quot;,&quot;alt&quot;:&quot;Freixe Vermell americ\\u00e0 (&quot;,&quot;caption&quot;:&quot;Freixe Vermell americ\\u00e0 (Fraxinus pennsylvanica)&quot;,&quot;itemprop&quot;:&quot;image&quot;},{&quot;src&quot;:&quot;https:\\\/\\\/museuciencies.cat\\\/wp-content\\\/uploads\\\/2025\\\/04\\\/FreixefullaEstretaErnestCosta-scaled.jpg&quot;,&quot;id&quot;:&quot;118379&quot;,&quot;title&quot;:&quot;FreixefullaEstreta(ErnestCosta)&quot;,&quot;alt&quot;:&quot;Freixe el de Fulla Estreta (Fraxinus angustifolia) al Jard\\u00ed Bot\\u00e0nic hist\\u00f2rix&quot;,&quot;caption&quot;:&quot;Freixe de Fulla Estreta (Fraxinus angustifolia). Imatge d\\u0026#8217;Ernest Costa\\\/MCNB&quot;,&quot;itemprop&quot;:&quot;image&quot;},{&quot;src&quot;:&quot;https:\\\/\\\/museuciencies.cat\\\/wp-content\\\/uploads\\\/2025\\\/04\\\/Platan-fals_Acer-pseudoplatanus-camaleo.jpg&quot;,&quot;id&quot;:&quot;118383&quot;,&quot;title&quot;:&quot;Platan fals_Acer pseudoplatanus camale\\u00f3&quot;,&quot;alt&quot;:&quot;Pl\\u00e0tan Fals (Acer pseudoplatanus) al Jard\\u00ed bot\\u00e0nic Hist\\u00f2ric&quot;,&quot;caption&quot;:&quot;Pl\\u00e0tan Fals (Acer pseudoplatanus)&quot;,&quot;itemprop&quot;:&quot;image&quot;}]\" itemscope itemtype=\"https:\/\/schema.org\/ImageGallery\"><\/div>\n<h3>\u00bfQu\u00e9 significa ser un \u00e1rbol monumental?<\/h3>\n<p>Los <a href=\"https:\/\/mediambient.gencat.cat\/ca\/05_ambits_dactuacio\/patrimoni_natural\/arbres-monumentals\/\">\u00e1rboles monumentales de Catalunya<\/a> est\u00e1n protegidos por su singularidad e importancia dentro del patrimonio natural. Esta distinci\u00f3n se rige por un decreto aprobado en 1987, gracias al cual ya se han declarado cerca de 300 \u00e1rboles por todo el territorio. Unos de los primeros ejemplares reconocidos fueron el Pi de les Tres Branques (Bergued\u00e0) y el Roure de Can Codorniu (Alt Pened\u00e8s).<\/p>\n<p>Aparte de esta categor\u00eda que otorga la Generalidad de Catalu\u00f1a, tambi\u00e9n existen las distinciones de inter\u00e9s local o comarcal. En este sentido, los cuatro \u00e1rboles ahora declarados monumentales ya estaban catalogados como \u00e1rboles de inter\u00e9s local, junto con otros ejemplares notables del Jard\u00edn Bot\u00e1nico Hist\u00f3rico, como un alcanforero (<em>Cinnamomum camphora<\/em>) y un carpe (<em>Carpinus betulus<\/em>), as\u00ed como unos espectaculares olivos (<em>Olea europaea<\/em>) del Jard\u00edn Bot\u00e1nico de Barcelona, provenientes de una finca agraria de Sant Vicent del Raspeig, en Alacant, poco antes de que este jard\u00edn abriera sus puertas. Su trasplante fue posible gracias a una donaci\u00f3n de la empresa Gas Natural.<\/p>\n<h3><strong>El Jard\u00ed Bot\u00e0nic Hist\u00f2ric, un espacio singular<\/strong><\/h3>\n<p>El <a href=\"https:\/\/museuciencies.cat\/el-nat\/les-seus\/jardi-botanic-historic-2\/\">Jard\u00ed Bot\u00e0nic Hist\u00f2ric<\/a>, parte del Museu de Ci\u00e8ncies Naturals de Barcelona, es un peque\u00f1o tesoro de la jardiner\u00eda ubicado en dos hoyos formados por antiguas canteras en el sector de La Foixarda de Montju\u00efc. Esta singular orograf\u00eda genera un microclima m\u00e1s h\u00famedo y con temperaturas hasta cuatro grados inferiores a las del entorno, lo que favorece el crecimiento de especies poco comunes en la ciudad y propias de climas m\u00e1s fr\u00edos, como los hayas.<\/p>\n<p>Creado el a\u00f1o despu\u00e9s de la Exposici\u00f3n Universal de 1929 bajo la direcci\u00f3n de Pius Font i Quer, el Jard\u00ed acoge especies del Mediterr\u00e1neo, el norte de \u00c1frica y el centro de Europa. Tras su inauguraci\u00f3n en 1941, tambi\u00e9n ha tenido un papel clave en la conservaci\u00f3n de plantas end\u00e9micas, como la lisimaquia menorquina, la cual se salv\u00f3 de la extinci\u00f3n gracias a la labor del Jard\u00ed.<\/p>\n<p>Las obras para construir accesos para los nuevos equipamientos ol\u00edmpicos comprometieron su estabilidad de los taludes perimetrales y permaneci\u00f3 cerrado entre 1986 y 2003, cuando volvi\u00f3 a abrir en parte gracias al esfuerzo de la<a href=\"https:\/\/www.amicsjbb.org\/\"> Associaci\u00f3 d\u2019Amics del Jard\u00ed Bot\u00e0nic<\/a>. Hoy en d\u00eda, est\u00e1 abierto al p\u00fablico con entrada libre y <a href=\"https:\/\/museuciencies.cat\/activitats\/la-magia-dels-sots-de-la-foixarda-2025-04-06\/\">ofrece visitas guiadas<\/a> el primer domingo de cada mes.<\/p>\n<p>Con la declaraci\u00f3n de estos cuatro \u00e1rboles monumentales, el Jard\u00ed Bot\u00e0nic Hist\u00f2ric refuerza su papel como espacio clave en la conservaci\u00f3n del patrimonio natural de Barcelona y de Catalunya.<\/p>\n","protected":false},"excerpt":{"rendered":"<p>Un pl\u00e1tano falso, dos fresnos y un nogal del Jard\u00ed Bot\u00e0nic Hist\u00f2ric, situado en Montju\u00efc, han sido reconocidos con la distinci\u00f3n de \u00e1rboles monumentales por la Generalitat de Catalunya. Es la primera vez que se incluyen ejemplares del Barcelon\u00e8s. Esta nueva declaraci\u00f3n de \u00e1rboles monumentales, con un total de 24 en toda Catalunya, llega nueve [&hellip;]<\/p>\n","protected":false},"author":2,"featured_media":0,"comment_status":"closed","ping_status":"closed","sticky":false,"template":"","format":"standard","meta":{"_acf_changed":false,"_jetpack_memberships_contains_paid_content":false,"footnotes":""},"categories":[3692],"tags":[3693,3694],"class_list":["post-118394","post","type-post","status-publish","format-standard","hentry","category-jardi-botanic-historic-es","tag-arbres-monumentals","tag-freixe"],"acf":{"destacat_portada":true,"presentacio_socials":[],"publicar_al_quiosc":true,"segona_part":"","tambe_us_pot_interessar":"","img_cap":118389,"presenta_peu":false,"imatge_llistat":false,"nou_carrusel":false,"boto_de_link_o_mail":false,"arxius_adjunts":false,"links_associats":false,"presenta_fills":"no","activeu_alerta":false,"text_alerta":""},"jetpack_featured_media_url":"","jetpack_sharing_enabled":true,"_links":{"self":[{"href":"https:\/\/museuciencies.cat\/es\/wp-json\/wp\/v2\/posts\/118394","targetHints":{"allow":["GET"]}}],"collection":[{"href":"https:\/\/museuciencies.cat\/es\/wp-json\/wp\/v2\/posts"}],"about":[{"href":"https:\/\/museuciencies.cat\/es\/wp-json\/wp\/v2\/types\/post"}],"author":[{"embeddable":true,"href":"https:\/\/museuciencies.cat\/es\/wp-json\/wp\/v2\/users\/2"}],"replies":[{"embeddable":true,"href":"https:\/\/museuciencies.cat\/es\/wp-json\/wp\/v2\/comments?post=118394"}],"version-history":[{"count":2,"href":"https:\/\/museuciencies.cat\/es\/wp-json\/wp\/v2\/posts\/118394\/revisions"}],"predecessor-version":[{"id":118396,"href":"https:\/\/museuciencies.cat\/es\/wp-json\/wp\/v2\/posts\/118394\/revisions\/118396"}],"wp:attachment":[{"href":"https:\/\/museuciencies.cat\/es\/wp-json\/wp\/v2\/media?parent=118394"}],"wp:term":[{"taxonomy":"category","embeddable":true,"href":"https:\/\/museuciencies.cat\/es\/wp-json\/wp\/v2\/categories?post=118394"},{"taxonomy":"post_tag","embeddable":true,"href":"https:\/\/museuciencies.cat\/es\/wp-json\/wp\/v2\/tags?post=118394"}],"curies":[{"name":"wp","href":"https:\/\/api.w.org\/{rel}","templated":true}]}}