{"id":118332,"date":"2025-03-27T11:35:27","date_gmt":"2025-03-27T09:35:27","guid":{"rendered":"https:\/\/museuciencies.cat\/aprovat-el-projecte-de-rehabilitacio-del-castell-dels-tres-dragons\/"},"modified":"2025-05-23T09:55:20","modified_gmt":"2025-05-23T07:55:20","slug":"aprovat-el-projecte-de-rehabilitacio-del-castell-dels-tres-dragons","status":"publish","type":"post","link":"https:\/\/museuciencies.cat\/es\/aprovat-el-projecte-de-rehabilitacio-del-castell-dels-tres-dragons\/","title":{"rendered":"Aprobado el proyecto de rehabilitaci\u00f3n del Castell dels Tres Dragons"},"content":{"rendered":"<p>El Ayuntamiento de Barcelona ha aprobado inicialmente el proyecto ejecutivo de restauraci\u00f3n exterior del edificio del Castell dels Tres Dragons, en el parque de la Ciutadella. Las obras previstas deben permitir la restauraci\u00f3n y consolidaci\u00f3n de las fachadas, as\u00ed como la renovaci\u00f3n y mejora energ\u00e9tica en la cubierta de este edificio singular.<\/p>\n<p>El <strong><a href=\"https:\/\/museuciencies.cat\/es\/el-nat\/las-sedes\/castell-dels-tres-dragons\/\" target=\"_blank\" rel=\"noopener\">Castell dels Tres Dragon<\/a>s<\/strong> es obra de Llu\u00eds Dom\u00e8nech i Montaner y fue proyectado como caf\u00e9-restaurante para la Exposici\u00f3n Universal de 1888. Destaca por su valor arquitect\u00f3nico y art\u00edstico. Durante el primer tercio del siglo XX, combin\u00f3 diversos usos, incluyendo las ciencias naturales y desde entonces se hab\u00eda dedicado exclusivamente a la zoolog\u00eda.<\/p>\n<p>Cerrado al p\u00fablico desde 2010, el edificio es una de las sedes cient\u00edficas del museo que custodia las colecciones de zoolog\u00eda y las de geolog\u00eda. Centraliza la actividad de investigaci\u00f3n cient\u00edfica y gesti\u00f3n de los fondos de las colecciones, as\u00ed como los servicios necesarios para preservar, documentar y estudiar ese rico patrimonio. S\u00f3lo est\u00e1 permitido el acceso a la consulta cient\u00edfica de las colecciones geol\u00f3gicas.<\/p>\n<p>La necesidad de empezar a poner al d\u00eda este edificio singular se enmarca en el gran proyecto de la <a href=\"http:\/\/Ciutadella del Coneixement\" target=\"_blank\" rel=\"noopener\">Ciutadella del Conocimiento<\/a>, que quiere convertir el parque y su entorno en un importante nodo de conocimiento cient\u00edfico. Responde a la apuesta por rehabilitar el eje patrimonial que conforma los Tres Dragons, el Hivernacle, el Centre Martorell de Exposicions i el Umbracle, todos del Museu de Ci\u00e8ncies Naturals de Barcelona, para que sean espacios de divulgaci\u00f3n y de ciencia que promuevan el pensamiento cient\u00edfico y cr\u00edtico en todas las edades.<\/p>\n<h3>Actuaciones previstas en el proyecto de restauraci\u00f3n<\/h3>\n<p>Se trata de una rehabilitaci\u00f3n que se limita a la envolvente del edificio (incluyendo fachadas, carpinter\u00edas y cubierta) ante una serie de lesiones detectadas, y la mejora del comportamiento energ\u00e9tico de la envolvente del edificio Castell dels Tres Dragons.<\/p>\n<p>Las intervenciones a realizar se limitan a las siguientes 6 zonas que afectan directamente a la restauraci\u00f3n y la imagen original del edificio y la mejora de su comportamiento energ\u00e9tico.<\/p>\n<ul>\n<li><strong>Zona porticada de planta baja:<\/strong> Retirada de las jaulas de los p\u00e1jaros y dem\u00e1s elementos que no forman parte del espacio original y realizaci\u00f3n de una nueva solera con un pavimento respetuoso con las preexistencias del edificio.<\/li>\n<li><strong>Fachadas:<\/strong> Restauraci\u00f3n de las lesiones, haciendo un cosido de grietas y trab\u00e1ndolo en el muro perpendicular. Tambi\u00e9n se restaurar\u00e1n elementos singulares como la cer\u00e1mica vidriada, elementos pict\u00f3ricos como el cartel de la fachada principal y elementos de forja, as\u00ed como las carpinter\u00edas.<\/li>\n<li><strong>Arcos:<\/strong> Estiramiento de los dos arcos interiores centrales que soportan la estructura de la cubierta de la nave principal.<\/li>\n<li><strong>Cubiertas:<\/strong> Realizaci\u00f3n de una nueva cubierta que cumpla los requerimientos de eficiencia energ\u00e9tica.<\/li>\n<li><strong>Balcones de la planta 1a<\/strong>: Reconstrucci\u00f3n para mejorar su impermeabilizaci\u00f3n, con la intenci\u00f3n de garantizar el futuro uso p\u00fablico de estas terrazas. La intervenci\u00f3n incluir\u00e1 la restauraci\u00f3n de las barandillas de madera y forja y se realizar\u00e1 un refuerzo estructural de los balcones.<\/li>\n<li><strong>Escaleras exteriores:<\/strong> Saneamiento de las piezas de piedra.<\/li>\n<li><strong>Espacios exteriores:<\/strong> Reparaci\u00f3n del espacio exterior inmediato en el edificio para dignificar el encuentro de la planta baja del edificio y dar respuesta a las patolog\u00edas debidas al terreno y la vegetaci\u00f3n natural.<\/li>\n<\/ul>\n<p>Cuando el proyecto se apruebe definitivamente, se licitar\u00e1 la obra y est\u00e1 previsto que los trabajos puedan empezar en oto\u00f1o, con una duraci\u00f3n prevista de 14 meses. Previamente, de cara al verano, ser\u00e1 necesario realizar el traslado de parte de las colecciones que se encuentran dentro del edificio para garantizar su preservaci\u00f3n.<\/p>\n<h3>La reforma interior y la adecuaci\u00f3n de los nuevos usos, para el pr\u00f3ximo mandato<\/h3>\n<p>En paralelo desde el Consorci del\u00a0 Museu de Ci\u00e8ncies Naturals de Barcelona, \u200b\u200bse ha ido trabajando para definir y concretar los usos futuros del edificio, como sede del Museo y como puerta de entrada de la Ciutadella del Coneixement.<\/p>\n<p>Se prev\u00e9 que acoja servicios abiertos a la ciudadan\u00eda, espacios expositivos y actividades divulgativas as\u00ed como un gran auditorio y una biblioteca cient\u00edfica singular. En este sentido, el objetivo de mandato es poder tener redactado el proyecto de rehabilitaci\u00f3n integral del interior y de adecuaci\u00f3n del edificio a los nuevos usos como equipamiento abierto a la ciudadan\u00eda. Por eso, est\u00e1 previsto publicar pr\u00f3ximamente el concurso para la redacci\u00f3n del proyecto.<\/p>\n","protected":false},"excerpt":{"rendered":"<p>El Ayuntamiento de Barcelona ha aprobado inicialmente el proyecto ejecutivo de restauraci\u00f3n exterior del edificio del Castell dels Tres Dragons, en el parque de la Ciutadella. Las obras previstas deben permitir la restauraci\u00f3n y consolidaci\u00f3n de las fachadas, as\u00ed como la renovaci\u00f3n y mejora energ\u00e9tica en la cubierta de este edificio singular. El Castell dels [&hellip;]<\/p>\n","protected":false},"author":2,"featured_media":0,"comment_status":"closed","ping_status":"closed","sticky":false,"template":"","format":"standard","meta":{"_acf_changed":false,"_jetpack_memberships_contains_paid_content":false,"footnotes":""},"categories":[3690],"tags":[],"class_list":["post-118332","post","type-post","status-publish","format-standard","hentry","category-ciutadella-del-coneixement-es"],"acf":{"destacat_portada":true,"presentacio_socials":[],"publicar_al_quiosc":true,"segona_part":"","tambe_us_pot_interessar":"","img_cap":19473,"presenta_peu":false,"imatge_llistat":false,"nou_carrusel":false,"boto_de_link_o_mail":false,"arxius_adjunts":false,"links_associats":false,"presenta_fills":"no","activeu_alerta":false,"text_alerta":""},"jetpack_featured_media_url":"","jetpack_sharing_enabled":true,"_links":{"self":[{"href":"https:\/\/museuciencies.cat\/es\/wp-json\/wp\/v2\/posts\/118332","targetHints":{"allow":["GET"]}}],"collection":[{"href":"https:\/\/museuciencies.cat\/es\/wp-json\/wp\/v2\/posts"}],"about":[{"href":"https:\/\/museuciencies.cat\/es\/wp-json\/wp\/v2\/types\/post"}],"author":[{"embeddable":true,"href":"https:\/\/museuciencies.cat\/es\/wp-json\/wp\/v2\/users\/2"}],"replies":[{"embeddable":true,"href":"https:\/\/museuciencies.cat\/es\/wp-json\/wp\/v2\/comments?post=118332"}],"version-history":[{"count":4,"href":"https:\/\/museuciencies.cat\/es\/wp-json\/wp\/v2\/posts\/118332\/revisions"}],"predecessor-version":[{"id":120463,"href":"https:\/\/museuciencies.cat\/es\/wp-json\/wp\/v2\/posts\/118332\/revisions\/120463"}],"wp:attachment":[{"href":"https:\/\/museuciencies.cat\/es\/wp-json\/wp\/v2\/media?parent=118332"}],"wp:term":[{"taxonomy":"category","embeddable":true,"href":"https:\/\/museuciencies.cat\/es\/wp-json\/wp\/v2\/categories?post=118332"},{"taxonomy":"post_tag","embeddable":true,"href":"https:\/\/museuciencies.cat\/es\/wp-json\/wp\/v2\/tags?post=118332"}],"curies":[{"name":"wp","href":"https:\/\/api.w.org\/{rel}","templated":true}]}}