{"id":111788,"date":"2024-06-14T16:48:58","date_gmt":"2024-06-14T14:48:58","guid":{"rendered":"https:\/\/museuciencies.cat\/150-anys-de-la-publicacio-del-catalogo-metodico-y-razonado-de-lepidopteros-de-miquel-cuni\/"},"modified":"2024-06-17T18:08:38","modified_gmt":"2024-06-17T16:08:38","slug":"150-anys-de-la-publicacio-del-catalogo-metodico-y-razonado-de-lepidopteros-de-miquel-cuni","status":"publish","type":"post","link":"https:\/\/museuciencies.cat\/es\/150-anys-de-la-publicacio-del-catalogo-metodico-y-razonado-de-lepidopteros-de-miquel-cuni\/","title":{"rendered":"150 anys de la publicaci\u00f3 del \u201cCat\u00e1logo met\u00f3dico y razonado de los lepid\u00f3pteros\u201d de Miquel Cun\u00ed"},"content":{"rendered":"<p>Este a\u00f1o se celebran los 150 a\u00f1os de la publicaci\u00f3n de un libro significativo en diversos aspectos, del que en el Museo se conservan dos ejemplares.<\/p>\n<h6 style=\"text-align: center;\"><img loading=\"lazy\" decoding=\"async\" class=\" wp-image-111755 aligncenter\" src=\"https:\/\/museuciencies.cat\/wp-content\/uploads\/2024\/06\/Cuni_lepidopteros_portadellla-408x615.jpg\" alt=\"\" width=\"243\" height=\"367\" srcset=\"https:\/\/museuciencies.cat\/wp-content\/uploads\/2024\/06\/Cuni_lepidopteros_portadellla-408x615.jpg 408w, https:\/\/museuciencies.cat\/wp-content\/uploads\/2024\/06\/Cuni_lepidopteros_portadellla-680x1024.jpg 680w, https:\/\/museuciencies.cat\/wp-content\/uploads\/2024\/06\/Cuni_lepidopteros_portadellla-768x1157.jpg 768w, https:\/\/museuciencies.cat\/wp-content\/uploads\/2024\/06\/Cuni_lepidopteros_portadellla-1020x1536.jpg 1020w, https:\/\/museuciencies.cat\/wp-content\/uploads\/2024\/06\/Cuni_lepidopteros_portadellla.jpg 1185w\" sizes=\"auto, (max-width: 243px) 100vw, 243px\" \/>Portada del libro. Los dos ejemplares que conservamos est\u00e1n encuadernados en piel<\/h6>\n<p>En 1874 sali\u00f3 de la imprenta barcelonesa de Tom\u00e0s Gorchs el <strong><em>Cat\u00e1logo met\u00f3dico y <\/em><\/strong><em><strong>razonado de los lepid\u00f3pteros que se encuentran en los alrededores de<\/strong> <strong>Barcelona, de los pueblos cercanos y otros lugares de Catalu\u00f1a<\/strong><\/em><strong>.<\/strong><\/p>\n<p>Aquello que lo hace especial es que fue el primer cat\u00e1logo entomol\u00f3gico que se public\u00f3 en Catalu\u00f1a y en Espa\u00f1a, y el que sirvi\u00f3 de base a los publicados posteriormente: Zapater &amp; Korb (Terol, 1883), V\u00e1zquez-Figueroa (Madrid, 1894), Seebold (Bilbao, 1898),&#8230;<\/p>\n<h6 style=\"text-align: center;\"><img loading=\"lazy\" decoding=\"async\" class=\"wp-image-111759 aligncenter\" src=\"https:\/\/museuciencies.cat\/wp-content\/uploads\/2024\/06\/Miquel_Cuni_i_Martorell.jpg\" alt=\"\" width=\"274\" height=\"315\" \/>Miquel Cun\u00ed Martorell (1827-1902)<\/h6>\n<p>El autor, <strong>Miquel Cun\u00ed Martorell (1827-1902)<\/strong>, entom\u00f3logo y bot\u00e1nico autodidacta, forma parte de los intelectuales que a finales del s. XIX entendieron que el conocimiento naturalista contribuir\u00eda al progreso econ\u00f3mico y moral de la naci\u00f3n. Fue miembro fundador de la <a href=\"https:\/\/ichn.iec.cat\/\">Instituci\u00f3 Catalana d\u2019Hist\u00f2ria Natural<\/a> (1899) y de la<a href=\"https:\/\/ca.wikipedia.org\/wiki\/Sociedad_Aragonesa_de_Ciencias_Naturales\">Sociedad Aragonesa de Ciencias Naturales<\/a>\u00a0(1902) y socio activo de la <a href=\"https:\/\/www.rsehn.es\/\">Sociedad Espa\u00f1ola de Historia Natural<\/a>, de la <a href=\"https:\/\/www.racab.cat\/\">Reial Acad\u00e8mia de Ci\u00e8ncies i Arts de Barcelon<\/a> y de la <a href=\"https:\/\/es.wikipedia.org\/wiki\/Associaci%C3%B3_d%27Excursions_Catalana\">Associaci\u00f3 d\u2019Excursions Catalana<\/a>.<\/p>\n<p>Fue primo de Francesc Martorell, fundador del Museu de Ci\u00e8ncies Naturals de Barcelona, y de Manel Martorell, su primer director. Con este \u00faltimo, en 1876 public\u00f3 el primer cat\u00e1logo de los cole\u00f3pteros de Catalu\u00f1a.<\/p>\n","protected":false},"excerpt":{"rendered":"<p>Este a\u00f1o se celebran los 150 a\u00f1os de la publicaci\u00f3n de un libro significativo en diversos aspectos, del que en el Museo se conservan dos ejemplares. Portada del libro. Los dos ejemplares que conservamos est\u00e1n encuadernados en piel En 1874 sali\u00f3 de la imprenta barcelonesa de Tom\u00e0s Gorchs el Cat\u00e1logo met\u00f3dico y razonado de los [&hellip;]<\/p>\n","protected":false},"author":3,"featured_media":0,"comment_status":"closed","ping_status":"closed","sticky":false,"template":"","format":"standard","meta":{"_acf_changed":false,"_jetpack_memberships_contains_paid_content":false,"footnotes":""},"categories":[3460],"tags":[],"class_list":["post-111788","post","type-post","status-publish","format-standard","hentry","category-llibres-rars-i-curiosos-es"],"acf":{"destacat_portada":false,"presentacio_socials":[],"publicar_al_quiosc":true,"segona_part":"","tambe_us_pot_interessar":"","img_cap":111763,"presenta_peu":false,"imatge_llistat":false,"nou_carrusel":false,"boto_de_link_o_mail":false,"arxius_adjunts":false,"links_associats":false,"presenta_fills":"no","activeu_alerta":false,"text_alerta":""},"jetpack_featured_media_url":"","jetpack_sharing_enabled":true,"_links":{"self":[{"href":"https:\/\/museuciencies.cat\/es\/wp-json\/wp\/v2\/posts\/111788","targetHints":{"allow":["GET"]}}],"collection":[{"href":"https:\/\/museuciencies.cat\/es\/wp-json\/wp\/v2\/posts"}],"about":[{"href":"https:\/\/museuciencies.cat\/es\/wp-json\/wp\/v2\/types\/post"}],"author":[{"embeddable":true,"href":"https:\/\/museuciencies.cat\/es\/wp-json\/wp\/v2\/users\/3"}],"replies":[{"embeddable":true,"href":"https:\/\/museuciencies.cat\/es\/wp-json\/wp\/v2\/comments?post=111788"}],"version-history":[{"count":5,"href":"https:\/\/museuciencies.cat\/es\/wp-json\/wp\/v2\/posts\/111788\/revisions"}],"predecessor-version":[{"id":111794,"href":"https:\/\/museuciencies.cat\/es\/wp-json\/wp\/v2\/posts\/111788\/revisions\/111794"}],"wp:attachment":[{"href":"https:\/\/museuciencies.cat\/es\/wp-json\/wp\/v2\/media?parent=111788"}],"wp:term":[{"taxonomy":"category","embeddable":true,"href":"https:\/\/museuciencies.cat\/es\/wp-json\/wp\/v2\/categories?post=111788"},{"taxonomy":"post_tag","embeddable":true,"href":"https:\/\/museuciencies.cat\/es\/wp-json\/wp\/v2\/tags?post=111788"}],"curies":[{"name":"wp","href":"https:\/\/api.w.org\/{rel}","templated":true}]}}