{"id":109408,"date":"2024-03-05T17:30:20","date_gmt":"2024-03-05T15:30:20","guid":{"rendered":"https:\/\/museuciencies.cat\/un-museu-compromes-amb-leducacio\/"},"modified":"2024-03-14T14:46:38","modified_gmt":"2024-03-14T12:46:38","slug":"un-museu-compromes-amb-leducacio","status":"publish","type":"post","link":"https:\/\/museuciencies.cat\/es\/un-museu-compromes-amb-leducacio\/","title":{"rendered":"Un Museo comprometido con la educaci\u00f3n"},"content":{"rendered":"<p>El compromiso del Museo con la educaci\u00f3n y la ense\u00f1anza viene de lejos, como muestran estas im\u00e1genes correspondientes a un d\u00edptico anunciando un curso organizado por el Museo de Zoolog\u00eda en 1960.<\/p>\n<p><img loading=\"lazy\" decoding=\"async\" class=\"aligncenter wp-image-109172\" src=\"https:\/\/museuciencies.cat\/wp-content\/uploads\/2024\/03\/Museu-educador-1-615x259.jpg\" alt=\"\" width=\"767\" height=\"323\" srcset=\"https:\/\/museuciencies.cat\/wp-content\/uploads\/2024\/03\/Museu-educador-1-615x259.jpg 615w, https:\/\/museuciencies.cat\/wp-content\/uploads\/2024\/03\/Museu-educador-1-1024x431.jpg 1024w, https:\/\/museuciencies.cat\/wp-content\/uploads\/2024\/03\/Museu-educador-1-768x323.jpg 768w, https:\/\/museuciencies.cat\/wp-content\/uploads\/2024\/03\/Museu-educador-1-1536x646.jpg 1536w, https:\/\/museuciencies.cat\/wp-content\/uploads\/2024\/03\/Museu-educador-1-2048x862.jpg 2048w\" sizes=\"auto, (max-width: 767px) 100vw, 767px\" \/><\/p>\n<p>Adem\u00e1s del personal de conservaci\u00f3n del propio museo, participaron figuras tan destacadas como los doctores Ramon Margalef y Enric Balcells.<\/p>\n<p>En los a\u00f1os 80, los museos del Parque de la Ciutadella fueron muy activos: adem\u00e1s de cursos como los que muestra la imagen, el Museo de Geolog\u00eda organizaba proyecciones de pel\u00edculas de tem\u00e1tica geol\u00f3gica, concursos para escuelas de primaria y sesiones comentadas con un peque\u00f1o planetario :<\/p>\n<p><img loading=\"lazy\" decoding=\"async\" class=\"aligncenter wp-image-109150 size-medium\" src=\"https:\/\/museuciencies.cat\/wp-content\/uploads\/2024\/03\/Museu-educador-4-615x220.jpg\" alt=\"\" width=\"615\" height=\"220\" srcset=\"https:\/\/museuciencies.cat\/wp-content\/uploads\/2024\/03\/Museu-educador-4-615x220.jpg 615w, https:\/\/museuciencies.cat\/wp-content\/uploads\/2024\/03\/Museu-educador-4-1024x366.jpg 1024w, https:\/\/museuciencies.cat\/wp-content\/uploads\/2024\/03\/Museu-educador-4-768x275.jpg 768w, https:\/\/museuciencies.cat\/wp-content\/uploads\/2024\/03\/Museu-educador-4-1536x550.jpg 1536w, https:\/\/museuciencies.cat\/wp-content\/uploads\/2024\/03\/Museu-educador-4-2048x733.jpg 2048w\" sizes=\"auto, (max-width: 615px) 100vw, 615px\" \/><\/p>\n<p><img loading=\"lazy\" decoding=\"async\" class=\"aligncenter wp-image-109154 size-medium\" src=\"https:\/\/museuciencies.cat\/wp-content\/uploads\/2024\/03\/Museu-educador-5-615x384.jpg\" alt=\"\" width=\"615\" height=\"384\" srcset=\"https:\/\/museuciencies.cat\/wp-content\/uploads\/2024\/03\/Museu-educador-5-615x384.jpg 615w, https:\/\/museuciencies.cat\/wp-content\/uploads\/2024\/03\/Museu-educador-5-1024x639.jpg 1024w, https:\/\/museuciencies.cat\/wp-content\/uploads\/2024\/03\/Museu-educador-5-768x479.jpg 768w, https:\/\/museuciencies.cat\/wp-content\/uploads\/2024\/03\/Museu-educador-5-1536x959.jpg 1536w, https:\/\/museuciencies.cat\/wp-content\/uploads\/2024\/03\/Museu-educador-5-2048x1278.jpg 2048w\" sizes=\"auto, (max-width: 615px) 100vw, 615px\" \/><\/p>\n<p>Aqu\u00ed os mostramos la primera p\u00e1gina del dossier que el alumnado de la entonces Educaci\u00f3n General B\u00e1sica (estamos en el a\u00f1o 1983) realizaba en las instalaciones del Museo de Zoolog\u00eda:<\/p>\n<p><img loading=\"lazy\" decoding=\"async\" class=\"aligncenter wp-image-109158 size-medium\" src=\"https:\/\/museuciencies.cat\/wp-content\/uploads\/2024\/03\/Museu-educador-6-428x615.jpg\" alt=\"\" width=\"428\" height=\"615\" srcset=\"https:\/\/museuciencies.cat\/wp-content\/uploads\/2024\/03\/Museu-educador-6-428x615.jpg 428w, https:\/\/museuciencies.cat\/wp-content\/uploads\/2024\/03\/Museu-educador-6-712x1024.jpg 712w, https:\/\/museuciencies.cat\/wp-content\/uploads\/2024\/03\/Museu-educador-6-768x1104.jpg 768w, https:\/\/museuciencies.cat\/wp-content\/uploads\/2024\/03\/Museu-educador-6-1069x1536.jpg 1069w, https:\/\/museuciencies.cat\/wp-content\/uploads\/2024\/03\/Museu-educador-6-1425x2048.jpg 1425w, https:\/\/museuciencies.cat\/wp-content\/uploads\/2024\/03\/Museu-educador-6-scaled.jpg 1781w\" sizes=\"auto, (max-width: 428px) 100vw, 428px\" \/><\/p>\n<p>La actividad pedag\u00f3gica del Museo de Ciencias Naturales de Barcelona est\u00e1 documentada en su <strong>Archivo Hist\u00f3rico<\/strong>.<\/p>\n","protected":false},"excerpt":{"rendered":"<p>El compromiso del Museo con la educaci\u00f3n y la ense\u00f1anza viene de lejos, como muestran estas im\u00e1genes correspondientes a un d\u00edptico anunciando un curso organizado por el Museo de Zoolog\u00eda en 1960. Adem\u00e1s del personal de conservaci\u00f3n del propio museo, participaron figuras tan destacadas como los doctores Ramon Margalef y Enric Balcells. En los a\u00f1os [&hellip;]<\/p>\n","protected":false},"author":3,"featured_media":0,"comment_status":"closed","ping_status":"closed","sticky":false,"template":"","format":"standard","meta":{"_acf_changed":false,"_jetpack_memberships_contains_paid_content":false,"footnotes":""},"categories":[3460],"tags":[],"class_list":["post-109408","post","type-post","status-publish","format-standard","hentry","category-llibres-rars-i-curiosos-es"],"acf":{"destacat_portada":false,"presentacio_socials":[],"publicar_al_quiosc":true,"segona_part":"","tambe_us_pot_interessar":"","img_cap":109177,"presenta_peu":false,"imatge_llistat":false,"nou_carrusel":false,"boto_de_link_o_mail":false,"arxius_adjunts":false,"links_associats":false,"presenta_fills":"no","activeu_alerta":false,"text_alerta":""},"jetpack_featured_media_url":"","jetpack_sharing_enabled":true,"_links":{"self":[{"href":"https:\/\/museuciencies.cat\/es\/wp-json\/wp\/v2\/posts\/109408","targetHints":{"allow":["GET"]}}],"collection":[{"href":"https:\/\/museuciencies.cat\/es\/wp-json\/wp\/v2\/posts"}],"about":[{"href":"https:\/\/museuciencies.cat\/es\/wp-json\/wp\/v2\/types\/post"}],"author":[{"embeddable":true,"href":"https:\/\/museuciencies.cat\/es\/wp-json\/wp\/v2\/users\/3"}],"replies":[{"embeddable":true,"href":"https:\/\/museuciencies.cat\/es\/wp-json\/wp\/v2\/comments?post=109408"}],"version-history":[{"count":5,"href":"https:\/\/museuciencies.cat\/es\/wp-json\/wp\/v2\/posts\/109408\/revisions"}],"predecessor-version":[{"id":109413,"href":"https:\/\/museuciencies.cat\/es\/wp-json\/wp\/v2\/posts\/109408\/revisions\/109413"}],"wp:attachment":[{"href":"https:\/\/museuciencies.cat\/es\/wp-json\/wp\/v2\/media?parent=109408"}],"wp:term":[{"taxonomy":"category","embeddable":true,"href":"https:\/\/museuciencies.cat\/es\/wp-json\/wp\/v2\/categories?post=109408"},{"taxonomy":"post_tag","embeddable":true,"href":"https:\/\/museuciencies.cat\/es\/wp-json\/wp\/v2\/tags?post=109408"}],"curies":[{"name":"wp","href":"https:\/\/api.w.org\/{rel}","templated":true}]}}