{"id":107597,"date":"2023-12-19T10:00:18","date_gmt":"2023-12-19T08:00:18","guid":{"rendered":"https:\/\/museuciencies.cat\/el-centre-martorell-dexposicions-obre-les-portes-amb-dues-exposicions\/"},"modified":"2023-12-22T14:28:10","modified_gmt":"2023-12-22T12:28:10","slug":"el-centre-martorell-dexposicions-obre-les-portes-amb-dues-exposicions","status":"publish","type":"post","link":"https:\/\/museuciencies.cat\/es\/el-centre-martorell-dexposicions-obre-les-portes-amb-dues-exposicions\/","title":{"rendered":"El Centre Martorell d\u2019Exposicions obre les portes amb dues exposicions"},"content":{"rendered":"<p>El <a href=\"https:\/\/museuciencies.cat\/es\/el-nat\/las-sedes\/centro-martorell-de-exposiciones\/\" target=\"_blank\" rel=\"noopener\"><strong>Centre Martorell d\u2019Exposicions<\/strong><\/a>,\u00a0el antiguo <strong>Museo de Geolog\u00eda<\/strong> rehabilitado, reabre sus puertas en el parque de la Ciutadella con dos exposiciones temporales <strong>gratuitas<\/strong> durante toda la Navidad.<\/p>\n<p>Este espacio rehabilitado \u2014que forma parte de los equipamientos muse\u00edsticos que configuran el Museu de Ci\u00e8ncies Naturals de Barcelona\u2014 ampl\u00eda la oferta cultural del Museo en el parque de la Ciutadella. A partir de ahora albergar\u00e1 exposiciones cient\u00edficas sobre tem\u00e1ticas con fuerte impacto social relacionadas tanto con la crisis clim\u00e1tica y de la biodiversidad, como con la exploraci\u00f3n de las fronteras actuales del conocimiento.<\/p>\n<p>El nuevo equipamiento se pone en marcha con estas exposiciones: <a href=\"https:\/\/museuciencies.cat\/es\/exposicio_temporal\/naturaleza-o-cultura\/\" target=\"_blank\" rel=\"noopener\"><strong><em>\u00bfNaturaleza o Cultura? Una visi\u00f3n desde el museo de ciencias naturales<\/em><\/strong><\/a>, de producci\u00f3n propia i <a href=\"https:\/\/museuciencies.cat\/es\/exposicio_temporal\/wow\/\" target=\"_blank\" rel=\"noopener\"><em><strong>WoW. Animales de museo: Ciencia, t\u00e9cnica y arte<\/strong><\/em><\/a>, una muestra que cuenta con la colaboraci\u00f3n del del Parque de las Ciencias de Granada<\/p>\n<h3>\u00bfNaturaleza o Cultura? Una visi\u00f3n desde el museo de ciencias naturales<\/h3>\n<p>A partir de un recorrido hist\u00f3rico local y global por los museos de historia natural, desde los gabinetes de curiosidades hasta los modernos museos de ciencias naturales, la exposici\u00f3n propone una reflexi\u00f3n sobre la relaci\u00f3n de los seres humanos y la naturaleza. La muestra, producida por el Museo de Ciencias Naturales de Barcelona, \u200b\u200bcuenta con colecciones emblem\u00e1ticas del Museo como el esqueleto del \u00abAvi\u00bb un elefante que fue la estrella del Zoo mucho antes que Copito de Nieve. Pero esta exposici\u00f3n no pretende s\u00f3lo ense\u00f1ar colecciones sino generar preguntas sobre qu\u00e9 papel deben jugar las colecciones y museos de ciencias naturales del futuro y cu\u00e1les son los retos sociales y clim\u00e1ticos que tendr\u00e1n que afrontar.<\/p>\n<p class=\"jetpack-slideshow-noscript robots-nocontent\">El pase de diapositivas requiere JavaScript.<\/p><div id=\"gallery-107597-1-slideshow\" class=\"jetpack-slideshow-window jetpack-slideshow jetpack-slideshow-black\" data-trans=\"fade\" data-autostart=\"1\" data-gallery=\"[{&quot;src&quot;:&quot;https:\\\/\\\/museuciencies.cat\\\/wp-content\\\/uploads\\\/2023\\\/12\\\/nat231219_033-scaled.jpg&quot;,&quot;id&quot;:&quot;107549&quot;,&quot;title&quot;:&quot;nat231219_033&quot;,&quot;alt&quot;:&quot;Entrada exposici\\u00f3 Natura o Cultura amb esquelet elefant Avi presidint l\\u0026#039;entrada&quot;,&quot;caption&quot;:&quot;Entrada a la exposici\\u00f3n con el esqueleto del elefante \\u00abAvi\\u00bb. Imagen de Pepe Herrero\\\/MCNB&quot;,&quot;itemprop&quot;:&quot;image&quot;},{&quot;src&quot;:&quot;https:\\\/\\\/museuciencies.cat\\\/wp-content\\\/uploads\\\/2023\\\/12\\\/nat231219_023-scaled.jpg&quot;,&quot;id&quot;:&quot;107525&quot;,&quot;title&quot;:&quot;nat231219_023&quot;,&quot;alt&quot;:&quot;Vitrina amb maquetes d\\u0026#039;animals del passat, dinosaures al fons de la sala exposicions&quot;,&quot;caption&quot;:&quot;Vitrina de animales del pasado. Imagen de Pepe Herrero\\\/MCNB&quot;,&quot;itemprop&quot;:&quot;image&quot;},{&quot;src&quot;:&quot;https:\\\/\\\/museuciencies.cat\\\/wp-content\\\/uploads\\\/2023\\\/12\\\/nat231219_027-scaled.jpg&quot;,&quot;id&quot;:&quot;107533&quot;,&quot;title&quot;:&quot;nat231219_027&quot;,&quot;alt&quot;:&quot;zona exposici\\u00f3 que simula despatx del museu amb mobiliari de l\\u0026#039;\\u00e8poca i vitrines amb elents  antics&quot;,&quot;caption&quot;:&quot;Espacio dedicado a un despacho del museo con mobiliario antiguo de la \\u00e9poca.  Imagen de Pepe Herrero\\\/MCNB&quot;,&quot;itemprop&quot;:&quot;image&quot;},{&quot;src&quot;:&quot;https:\\\/\\\/museuciencies.cat\\\/wp-content\\\/uploads\\\/2023\\\/12\\\/nat231219_028-scaled.jpg&quot;,&quot;id&quot;:&quot;107537&quot;,&quot;title&quot;:&quot;nat231219_028&quot;,&quot;alt&quot;:&quot;Entrada exposici\\u00f3 Natura o Cultura amb esquelet elefant Avi presidint l\\u0026#039;entrada&quot;,&quot;caption&quot;:&quot;Imagen de Pepe Herrero\\\/MCNB&quot;,&quot;itemprop&quot;:&quot;image&quot;},{&quot;src&quot;:&quot;https:\\\/\\\/museuciencies.cat\\\/wp-content\\\/uploads\\\/2023\\\/12\\\/nat231219_032-scaled.jpg&quot;,&quot;id&quot;:&quot;107545&quot;,&quot;title&quot;:&quot;nat231219_032&quot;,&quot;alt&quot;:&quot;Vitrina antiga amb la col\\u00b7l3eecio de les Sals de Cardona&quot;,&quot;caption&quot;:&quot;Vitrina antigua de sales de Cardona. Imagen de Pepe Herrero\\\/MCNB&quot;,&quot;itemprop&quot;:&quot;image&quot;},{&quot;src&quot;:&quot;https:\\\/\\\/museuciencies.cat\\\/wp-content\\\/uploads\\\/2023\\\/12\\\/nat231219_031-scaled.jpg&quot;,&quot;id&quot;:&quot;107541&quot;,&quot;title&quot;:&quot;nat231219_031&quot;,&quot;alt&quot;:&quot;pantalla i \\u00e0udiovisual exposici\\u00f3 i panells informatius&quot;,&quot;caption&quot;:&quot;Imagen de Pepe Herrero\\\/MCNB&quot;,&quot;itemprop&quot;:&quot;image&quot;}]\" itemscope itemtype=\"https:\/\/schema.org\/ImageGallery\"><\/div>\n<h3>WOW. Animales de museo: Ciencia, t\u00e9cnica y arte<\/h3>\n<p>El taxidermista, Antonio P\u00e9rez Rodr\u00edguez, ha logrado desarrollar una nueva t\u00e9cnica llamada \u201ctaxidermia en movimiento\u201d, una fiel representaci\u00f3n de la naturaleza en el arte, la t\u00e9cnica y la ciencia se unen en unas composiciones extraordinarias. WOW presenta seis escenas naturalizadas de animales mediterr\u00e1neos y africanos como, por ejemplo, un grup de quince cabras salvajes saltando en estampida, dos cebras en lucha o una leona cazando \u00f1us. Son escenas panor\u00e1micas cargadas de tal dramatismo que parece com si se hubiera congelado un fragmento de la vida real.<\/p>\n<p class=\"jetpack-slideshow-noscript robots-nocontent\">El pase de diapositivas requiere JavaScript.<\/p><div id=\"gallery-107597-2-slideshow\" class=\"jetpack-slideshow-window jetpack-slideshow jetpack-slideshow-black\" data-trans=\"fade\" data-autostart=\"1\" data-gallery=\"[{&quot;src&quot;:&quot;https:\\\/\\\/museuciencies.cat\\\/wp-content\\\/uploads\\\/2023\\\/12\\\/nat231219_002-scaled.jpg&quot;,&quot;id&quot;:&quot;107079&quot;,&quot;title&quot;:&quot;nat231219_002&quot;,&quot;alt&quot;:&quot;Panor\\u00e0mica de la sala exposici\\u00f3 temporal WOW, amb les taxid\\u00e8rmies de c\\u00e8rvols, lleons i zebres i 15 cabres en estampida.&quot;,&quot;caption&quot;:&quot;Panor\\u00e1mica de la sala de la exposici\\u00f3n temporal WOW, con las taxidermias de ciervos, leones y cebras y 15 cabras en estampida. Imagen de Pep Herrero\\\/MCNB&quot;,&quot;itemprop&quot;:&quot;image&quot;},{&quot;src&quot;:&quot;https:\\\/\\\/museuciencies.cat\\\/wp-content\\\/uploads\\\/2023\\\/12\\\/nat231219_012-scaled.jpg&quot;,&quot;id&quot;:&quot;107083&quot;,&quot;title&quot;:&quot;nat231219_012&quot;,&quot;alt&quot;:&quot;&quot;,&quot;caption&quot;:&quot;Detalle de la familia de jirafas expuestas en la exposici\\u00f3n Wow, del Centro Martorell de Exposiciones. Imagen de Pep Herrero\\\/MCNB&quot;,&quot;itemprop&quot;:&quot;image&quot;},{&quot;src&quot;:&quot;https:\\\/\\\/museuciencies.cat\\\/wp-content\\\/uploads\\\/2023\\\/12\\\/nat231219_014-scaled.jpg&quot;,&quot;id&quot;:&quot;107087&quot;,&quot;title&quot;:&quot;nat231219_014&quot;,&quot;alt&quot;:&quot;&quot;,&quot;caption&quot;:&quot;Imagen de Pep Herrero\\\/MCNB&quot;,&quot;itemprop&quot;:&quot;image&quot;}]\" itemscope itemtype=\"https:\/\/schema.org\/ImageGallery\"><\/div>\n<p><strong>Informaci\u00f3n pr\u00e1ctica<\/strong><\/p>\n<p>Hasta el <strong>7 de enero<\/strong> de 2024 la entrada ser\u00e1 gratuita todos los d\u00edas de apertura del Centro.<\/p>\n<p>&#8211; Horarios<\/p>\n<ul>\n<li>De octubre a febrero:<br \/>\nDe martes a s\u00e1bado, de 10 a 19 h<br \/>\nDomingos y festivos, de 10 a 20 h<\/li>\n<li>De marzo a septiembre: de martes a domingo, de 10 a 20 h<\/li>\n<\/ul>\n<p>&#8211; D\u00edas de cierre:<\/p>\n<ul>\n<li>Lunes no festivos<\/li>\n<li>1 de enero, 1 de mayo, 24 de junio y 25 de diciembre<\/li>\n<\/ul>\n<p>M\u00e1s informaci\u00f3 en este <a href=\"https:\/\/museuciencies.cat\/es\/el-nat\/las-sedes\/centro-martorell-de-exposiciones\/informacion-practica\/\" target=\"_blank\" rel=\"noopener\">enlace<\/a><\/p>\n<p>&nbsp;<\/p>\n","protected":false},"excerpt":{"rendered":"<p>El Centre Martorell d\u2019Exposicions,\u00a0el antiguo Museo de Geolog\u00eda rehabilitado, reabre sus puertas en el parque de la Ciutadella con dos exposiciones temporales gratuitas durante toda la Navidad. Este espacio rehabilitado \u2014que forma parte de los equipamientos muse\u00edsticos que configuran el Museu de Ci\u00e8ncies Naturals de Barcelona\u2014 ampl\u00eda la oferta cultural del Museo en el parque [&hellip;]<\/p>\n","protected":false},"author":2,"featured_media":0,"comment_status":"closed","ping_status":"closed","sticky":false,"template":"","format":"standard","meta":{"_acf_changed":false,"_jetpack_memberships_contains_paid_content":false,"footnotes":""},"categories":[3641,3642],"tags":[],"class_list":["post-107597","post","type-post","status-publish","format-standard","hentry","category-centre-martorell-dexposicions-es","category-exposicions-es"],"acf":{"destacat_portada":true,"presentacio_socials":[],"publicar_al_quiosc":true,"segona_part":"","tambe_us_pot_interessar":"","img_cap":107590,"presenta_peu":false,"imatge_llistat":false,"nou_carrusel":false,"boto_de_link_o_mail":false,"arxius_adjunts":false,"links_associats":false,"presenta_fills":"no","activeu_alerta":false,"text_alerta":""},"jetpack_featured_media_url":"","jetpack_sharing_enabled":true,"_links":{"self":[{"href":"https:\/\/museuciencies.cat\/es\/wp-json\/wp\/v2\/posts\/107597","targetHints":{"allow":["GET"]}}],"collection":[{"href":"https:\/\/museuciencies.cat\/es\/wp-json\/wp\/v2\/posts"}],"about":[{"href":"https:\/\/museuciencies.cat\/es\/wp-json\/wp\/v2\/types\/post"}],"author":[{"embeddable":true,"href":"https:\/\/museuciencies.cat\/es\/wp-json\/wp\/v2\/users\/2"}],"replies":[{"embeddable":true,"href":"https:\/\/museuciencies.cat\/es\/wp-json\/wp\/v2\/comments?post=107597"}],"version-history":[{"count":0,"href":"https:\/\/museuciencies.cat\/es\/wp-json\/wp\/v2\/posts\/107597\/revisions"}],"wp:attachment":[{"href":"https:\/\/museuciencies.cat\/es\/wp-json\/wp\/v2\/media?parent=107597"}],"wp:term":[{"taxonomy":"category","embeddable":true,"href":"https:\/\/museuciencies.cat\/es\/wp-json\/wp\/v2\/categories?post=107597"},{"taxonomy":"post_tag","embeddable":true,"href":"https:\/\/museuciencies.cat\/es\/wp-json\/wp\/v2\/tags?post=107597"}],"curies":[{"name":"wp","href":"https:\/\/api.w.org\/{rel}","templated":true}]}}