{"id":106869,"date":"2023-12-07T18:15:17","date_gmt":"2023-12-07T16:15:17","guid":{"rendered":"https:\/\/museuciencies.cat\/?p=106869"},"modified":"2023-12-05T16:54:15","modified_gmt":"2023-12-05T14:54:15","slug":"genomas-antiguos-de-los-balcanes-revelan-como-se-conformo-la-europa-eslava","status":"publish","type":"post","link":"https:\/\/museuciencies.cat\/es\/genomas-antiguos-de-los-balcanes-revelan-como-se-conformo-la-europa-eslava\/","title":{"rendered":"Genomas antiguos de los Balcanes revelan c\u00f3mo se conform\u00f3 la Europa eslava"},"content":{"rendered":"<ul>\n<li><strong>Un equipo coliderado por el Instituto de Biolog\u00eda Evolutiva (IBE; CSIC-UPF) ha recuperado y analizado el genoma antiguo de 146 personas que habitaron la pen\u00ednsula balc\u00e1nica durante el primer milenio.<\/strong><\/li>\n<li><strong>La historia gen\u00e9tica revela a los Balcanes como una regi\u00f3n fronteriza de la antigua Roma tan cosmopolita como el centro imperial.<\/strong><\/li>\n<li><strong>La investigaci\u00f3n descubre que la migraci\u00f3n eslava que lleg\u00f3 a los Balcanes a partir del siglo VI <\/strong><strong>representa entre el 30% y el 60% de la ascendencia de los pueblos balc\u00e1nicos en la actualidad.<\/strong><\/li>\n<\/ul>\n<p>Un estudio liderado por el <a href=\"https:\/\/www.ibe.upf-csic.es\/ca\/\">Instituto de Biolog\u00eda Evolutiva (IBE)<\/a>, un centro mixto del <a href=\"https:\/\/www.csic.es\/es\">Consejo Superior de Investigaciones Cient\u00edficas (CSIC)<\/a> y la <a href=\"https:\/\/www.upf.edu\/\">Universidad Pompeu Fabra (UPF)<\/a> y por la <strong>Universidad de Harvard<\/strong>, y participado por la <strong>Universidad del Pa\u00eds Vasco (UPV\/EHU)<\/strong>, reconstruye por primera vez la historia gen\u00f3mica del primer milenio de la Pen\u00ednsula Balc\u00e1nica. Para ello, el equipo ha recuperado y analizado el genoma antiguo de 146 personas que habitaron las actuales Croacia y Serbia durante ese per\u00edodo. El trabajo, publicado en la prestigiosa revista <em>Cell<\/em>, desvela los Balcanes como una frontera global y cosmopolita del Imperio romano y reconstruye la llegada de los pueblos eslavos a esta regi\u00f3n.<\/p>\n<p>Por primera vez, el equipo ha identificado tres individuos de origen africano que vivieron en los Balcanes bajo el dominio imperial de Roma. Por otro lado, la investigaci\u00f3n corrobora que la migraci\u00f3n de los pueblos eslavos a partir del siglo VI represent\u00f3 uno de los mayores cambios demogr\u00e1ficos permanentes en toda Europa, cuya influencia cultural perdura hasta nuestros d\u00edas.<\/p>\n<p><strong>El Imperio Romano transform\u00f3 los Balcanes en una regi\u00f3n global <\/strong><\/p>\n<p>La Rep\u00fablica Romana primero y el Imperio Romano despu\u00e9s incorporaron\u00a0 los Balcanes y convirtieron esta regi\u00f3n fronteriza en una encrucijada de comunicaciones y un crisol de culturas. As\u00ed lo confirma el estudio, que desvela que la vitalidad econ\u00f3mica del imperio atrajo a inmigrantes de lugares lejanos hasta esta regi\u00f3n.<\/p>\n<p>A trav\u00e9s del an\u00e1lisis de ADN antiguo, el equipo ha podido identificar que, durante el dominio romano de la regi\u00f3n, hubo un gran aporte demogr\u00e1fico proveniente de la pen\u00ednsula Anat\u00f3lica (localizada en la actual Turqu\u00eda) que dej\u00f3 huella gen\u00e9tica en las poblaciones balc\u00e1nicas. Sin embargo, no se observa rastro de ascendencia it\u00e1lica en los genomas analizados. . \u201cEstas poblaciones venidas del este se integraron totalmente en la sociedad local de los Balcanes. En Viminacium, por ejemplo (una de las principales ciudades de los romanos, localizada en la actual Serbia), encontramos un sarc\u00f3fago excepcionalmente rico en el que fueron enterrados un hombre de ascendencia local y una mujer de ascendencia anat\u00f3lica\u201d, comenta \u00cd\u00f1igo Olalde, investigador Ikerbasque de la Universidad del Pa\u00eds Vasco (UPV\/EHU) y anteriormente investigador \u201cLa Caixa Junior Leader\u201d en el<a href=\"https:\/\/www.ibe.upf-csic.es\/lalueza\"> grupo de Paleogen\u00f3mica del IBE<\/a>.<\/p>\n<p>El equipo tambi\u00e9n ha revelado la movilidad espor\u00e1dica de larga distancia de tres individuos de ascendencia africana a la pen\u00ednsula Balc\u00e1nica durante su dominio imperial. Uno de ellos era un adolescente cuyo origen gen\u00e9tico radica en la regi\u00f3n del actual Sud\u00e1n, fuera de los l\u00edmites del antiguo Imperio. \u201cDe acuerdo con el an\u00e1lisis isot\u00f3pico de las ra\u00edces de sus dientes, en su ni\u00f1ez tuvo una dieta marina muy distinta a la del resto de individuos analizados\u201d, comenta Carles Lalueza-Fox, investigador principal del Instituto de Biolog\u00eda Evolutiva (IBE) y director del Museo de Ciencias Naturales de Barcelona (MCNB).<\/p>\n<p>Adem\u00e1s, fue enterrado con una l\u00e1mpara de aceite que representa una iconograf\u00eda del \u00e1guila relacionada con J\u00fapiter, uno de los dioses m\u00e1s importantes para los romanos. \u201cEl an\u00e1lisis arqueol\u00f3gico de su entierro revela que pudo formar parte de las fuerzas militares romanas, por lo que estar\u00edamos hablando de un inmigrante que viaj\u00f3 desde muy lejos a los Balcanes del siglo II d.C.\u201d, apunta Lalueza-Fox. \u201cEsto nos muestra un Imperio Romano diverso y cosmopolita, que acog\u00eda poblaciones mucho m\u00e1s all\u00e1 del continente europeo\u201d.<\/p>\n<p>&nbsp;<\/p>\n<p><strong>El imperio romano acogi\u00f3 a poblaciones b\u00e1rbaras mucho antes de su ca\u00edda<\/strong><\/p>\n<p>El estudio ha identificado algunos individuos de ascendencia del Norte de Europa y de las estepas que habitaron la Pen\u00ednsula Balc\u00e1nica durante el siglo III, en plena ocupaci\u00f3n romana. El an\u00e1lisis antropol\u00f3gico de sus cr\u00e1neos revela que algunos de ellos fueron artificialmente deformados, una costumbre propia de algunas poblaciones de las estepas y de los hunos, a menudo denominados como \u201cb\u00e1rbaros\u201d.<\/p>\n<div id=\"attachment_106859\" style=\"width: 471px\" class=\"wp-caption aligncenter\"><img loading=\"lazy\" decoding=\"async\" aria-describedby=\"caption-attachment-106859\" class=\"wp-image-106859 size-medium\" src=\"https:\/\/museuciencies.cat\/wp-content\/uploads\/2023\/12\/Imagen-4-Craneo-deformado-siglo-4o-scaled-e1701786553632.jpg\" alt=\"\" width=\"461\" height=\"615\" srcset=\"https:\/\/museuciencies.cat\/wp-content\/uploads\/2023\/12\/Imagen-4-Craneo-deformado-siglo-4o-scaled-e1701786553632.jpg 1920w, https:\/\/museuciencies.cat\/wp-content\/uploads\/2023\/12\/Imagen-4-Craneo-deformado-siglo-4o-scaled-e1701786553632-461x615.jpg 461w, https:\/\/museuciencies.cat\/wp-content\/uploads\/2023\/12\/Imagen-4-Craneo-deformado-siglo-4o-scaled-e1701786553632-768x1024.jpg 768w, https:\/\/museuciencies.cat\/wp-content\/uploads\/2023\/12\/Imagen-4-Craneo-deformado-siglo-4o-scaled-e1701786553632-1152x1536.jpg 1152w, https:\/\/museuciencies.cat\/wp-content\/uploads\/2023\/12\/Imagen-4-Craneo-deformado-siglo-4o-scaled-e1701786553632-1536x2048.jpg 1536w\" sizes=\"auto, (max-width: 461px) 100vw, 461px\" \/><p id=\"caption-attachment-106859\" class=\"wp-caption-text\">Cr\u00e1neo deformado datado hacia el siglo 4\u00ba de la Era Com\u00fan (E.C.), atribuido a un individuo de las estepas. Originalmente etiquetado por los arque\u00f3logos como posible G\u00e9pido o Godo (los Hunos tambi\u00e9n practicaban la deformaci\u00f3n craneal). Cr\u00e9dito: Carles Lalueza-Fox.<\/p><\/div>\n<p>Estos resultados apoyan las investigaciones hist\u00f3ricas y arqueol\u00f3gicas y muestran la presencia de individuos provenientes de fuera de las fronteras del Imperio, m\u00e1s all\u00e1 del Danubio, mucho tiempo antes de la ca\u00edda del Imperio occidental.<\/p>\n<p>\u201cLas fronteras del Imperio eran mucho m\u00e1s difusas que las fronteras de los estados naci\u00f3n actuales. El Danubio serv\u00eda como l\u00edmite geogr\u00e1fico del Imperio pero actuaba como v\u00eda de comunicaci\u00f3n y era muy permeable al movimiento de personas\u201d, comenta Pablo Carri\u00f3n, investigador del IBE y co-primer autor del estudio.<\/p>\n<p>&nbsp;<\/p>\n<p><strong>Las poblaciones eslavas cambiaron la demograf\u00eda de la regi\u00f3n balc\u00e1nica<\/strong><\/p>\n<p>Tras la ca\u00edda del Imperio Romano de Occidente, y especialmente a partir del siglo VI, el estudio revela la llegada a gran escala a los Balcanes de individuos gen\u00e9ticamente similares a las poblaciones modernas de habla eslava de Europa del Este. Su huella gen\u00e9tica representa entre el 30 y el 60% de la ascendencia de los pueblos balc\u00e1nicos actuales, lo que supone uno de los mayores cambios demogr\u00e1ficos permanentes en cualquier lugar de Europa durante el per\u00edodo de las Grandes Migraciones.<\/p>\n<p>Aunque el estudio detecta la llegada espor\u00e1dica de individuos procedentes del Este de Europa en periodos anteriores, es a partir del siglo VI cuando se observa una fuerte oleada migratoria. \u201cSeg\u00fan nuestros an\u00e1lisis de ADN antiguo, esta llegada de poblaciones de habla eslava a los Balcanes tuvo lugar a lo largo de varias generaciones e involucr\u00f3 a grupos familiares completos que inclu\u00edan hombres y mujeres\u201d, explica Carri\u00f3n.<\/p>\n<div id=\"attachment_106855\" style=\"width: 625px\" class=\"wp-caption aligncenter\"><img loading=\"lazy\" decoding=\"async\" aria-describedby=\"caption-attachment-106855\" class=\"size-medium wp-image-106855\" src=\"https:\/\/museuciencies.cat\/wp-content\/uploads\/2023\/12\/Imagen-8-Resumen-de-las-migraciones-en-los-Balcanes-en-el-1er-milenio-EC-615x596.jpg\" alt=\"\" width=\"615\" height=\"596\" srcset=\"https:\/\/museuciencies.cat\/wp-content\/uploads\/2023\/12\/Imagen-8-Resumen-de-las-migraciones-en-los-Balcanes-en-el-1er-milenio-EC-615x596.jpg 615w, https:\/\/museuciencies.cat\/wp-content\/uploads\/2023\/12\/Imagen-8-Resumen-de-las-migraciones-en-los-Balcanes-en-el-1er-milenio-EC.jpg 729w\" sizes=\"auto, (max-width: 615px) 100vw, 615px\" \/><p id=\"caption-attachment-106855\" class=\"wp-caption-text\">Representaci\u00f3 del Grup gen\u00e8tic dels Balcans del primer mil\u2022lenni de l&#8217;Era Comuna (E.C.). Cr\u00e8dit a: Pablo Carri\u00f3n &amp; I\u00f1igo Olalde.<\/p><\/div>\n<p>El estudio tambi\u00e9n identifica que el establecimiento de las poblaciones eslavas en los Balcanes fue mayor en el norte, con una contribuci\u00f3n gen\u00e9tica de entre el 50% y el 60% en la actual Serbia, y gradualmente menor hacia el sur, con entre un 30 y un 40% de representaci\u00f3n gen\u00e9tica en la Grecia continental y hasta un 20% en las islas del Egeo. \u201cSu legado gen\u00e9tico es visible no s\u00f3lo en poblaciones balc\u00e1nicas actuales de habla eslava, sino tambi\u00e9n en otros grupos que incluyen regiones donde actualmente no se habla lenguas eslavas, como Ruman\u00eda y Grecia\u00bb, puntualiza David Reich, investigador de la Universidad de Harvard en cuyo laboratorio se llev\u00f3 a cabo la recuperaci\u00f3n y secuenciaci\u00f3n del ADN antiguo.<\/p>\n<p>&nbsp;<\/p>\n<p><strong>Coordinaci\u00f3n y cooperaci\u00f3n para reescribir la historia de los Balcanes<\/strong><\/p>\n<p>La guerra de Yugoslavia en 1991 provoc\u00f3 la separaci\u00f3n de los pueblos balc\u00e1nicos en los distintos pa\u00edses que conforman la regi\u00f3n hoy en d\u00eda y sus consecuencias perduran en la actualidad. Sin embargo, investigadores de toda la regi\u00f3n han colaborado en el estudio. \u00abEn el estudio han estado colaborando investigadores croatas y serbios. Se trata de un gran ejemplo de cooperaci\u00f3n, teniendo en cuenta la historia reciente de la pen\u00ednsula balc\u00e1nica. Al mismo tiempo, este tipo de trabajos son un ejemplo de c\u00f3mo datos gen\u00f3micos objetivos pueden contribuir a dejar atr\u00e1s problemas sociales y pol\u00edticos ligados a identidades colectivas que han estado basadas en narraciones \u00e9picas del pasado\u00bb, comenta Lalueza-Fox.<\/p>\n<p>El equipo elabor\u00f3 una base de datos gen\u00e9tica de la poblaci\u00f3n Serbia <em>de novo,<\/em> con el fin de poder reconstruir la historia de los Balcanes. \u00abNos encontramos con la situaci\u00f3n de que no exist\u00eda una base de datos gen\u00f3mica de la poblaci\u00f3n serbia actual. Para construirla y utilizarla como referencia comparativa en este estudio, tuvimos que buscar a personas que se autodenominaban como serbias en base a determinados rasgos culturales compartidos, aunque vivieran en otros pa\u00edses como Montenegro o Macedonia del Norte\u201d.<\/p>\n<p>Pese a la cuesti\u00f3n identitaria, marcada por la historia m\u00e1s reciente de los Balcanes, los genomas de los croatas y serbios analizados hablan de una herencia compartida en igual medida entre las poblaciones eslavas y las poblaciones del mediterr\u00e1neo.<\/p>\n<p>\u201cCreemos que el an\u00e1lisis del ADN antiguo puede contribuir, junto con los datos arqueol\u00f3gicos y los registros hist\u00f3ricos, a la reconstrucci\u00f3n de la historia de los pueblos balc\u00e1nicos y la formaci\u00f3n de los denominados pueblos eslavos del sur de Europa\u201d, concluye Lalueza-Fox.<\/p>\n<p>&nbsp;<\/p>\n<p><strong>Art\u00edculo referenciado:\u00a0 <\/strong>Olalde et al., 2023, Cell 186, 1-14; December 7, 2023;<strong> DOI: <\/strong><a href=\"https:\/\/doi.org\/10.1016\/j.cell.2023.10.018\">https:\/\/doi.org\/10.1016\/j.cell.2023.10.018<\/a><\/p>\n","protected":false},"excerpt":{"rendered":"<p>Un equipo coliderado por el Instituto de Biolog\u00eda Evolutiva (IBE; CSIC-UPF) ha recuperado y analizado el genoma antiguo de 146 personas que habitaron la pen\u00ednsula balc\u00e1nica durante el primer milenio. La historia gen\u00e9tica revela a los Balcanes como una regi\u00f3n fronteriza de la antigua Roma tan cosmopolita como el centro imperial. La investigaci\u00f3n descubre que [&hellip;]<\/p>\n","protected":false},"author":2,"featured_media":0,"comment_status":"closed","ping_status":"closed","sticky":false,"template":"","format":"standard","meta":{"_acf_changed":false,"_jetpack_memberships_contains_paid_content":false,"footnotes":""},"categories":[3582],"tags":[],"class_list":["post-106869","post","type-post","status-publish","format-standard","hentry","category-recerca-es"],"acf":{"destacat_portada":true,"presentacio_socials":[],"publicar_al_quiosc":true,"segona_part":"","tambe_us_pot_interessar":"","img_cap":106851,"presenta_peu":false,"imatge_llistat":false,"nou_carrusel":false,"boto_de_link_o_mail":false,"arxius_adjunts":false,"links_associats":false,"presenta_fills":"no","activeu_alerta":false,"text_alerta":""},"jetpack_featured_media_url":"","jetpack_sharing_enabled":true,"_links":{"self":[{"href":"https:\/\/museuciencies.cat\/es\/wp-json\/wp\/v2\/posts\/106869","targetHints":{"allow":["GET"]}}],"collection":[{"href":"https:\/\/museuciencies.cat\/es\/wp-json\/wp\/v2\/posts"}],"about":[{"href":"https:\/\/museuciencies.cat\/es\/wp-json\/wp\/v2\/types\/post"}],"author":[{"embeddable":true,"href":"https:\/\/museuciencies.cat\/es\/wp-json\/wp\/v2\/users\/2"}],"replies":[{"embeddable":true,"href":"https:\/\/museuciencies.cat\/es\/wp-json\/wp\/v2\/comments?post=106869"}],"version-history":[{"count":0,"href":"https:\/\/museuciencies.cat\/es\/wp-json\/wp\/v2\/posts\/106869\/revisions"}],"wp:attachment":[{"href":"https:\/\/museuciencies.cat\/es\/wp-json\/wp\/v2\/media?parent=106869"}],"wp:term":[{"taxonomy":"category","embeddable":true,"href":"https:\/\/museuciencies.cat\/es\/wp-json\/wp\/v2\/categories?post=106869"},{"taxonomy":"post_tag","embeddable":true,"href":"https:\/\/museuciencies.cat\/es\/wp-json\/wp\/v2\/tags?post=106869"}],"curies":[{"name":"wp","href":"https:\/\/api.w.org\/{rel}","templated":true}]}}