{"id":103771,"date":"2023-07-14T18:46:57","date_gmt":"2023-07-14T16:46:57","guid":{"rendered":"https:\/\/museuciencies.cat\/rara-avis-la-insolita-vida-de-jordi-sabater-pi\/"},"modified":"2023-07-14T18:53:02","modified_gmt":"2023-07-14T16:53:02","slug":"rara-avis-la-insolita-vida-de-jordi-sabater-pi","status":"publish","type":"post","link":"https:\/\/museuciencies.cat\/es\/rara-avis-la-insolita-vida-de-jordi-sabater-pi\/","title":{"rendered":"Rara avis : la ins\u00f2lita vida de Jordi Sabater Pi"},"content":{"rendered":"<p>Rara avis : la ins\u00f2lita vida de Jordi Sabater Pi \/ Ra\u00fal Deamo, Tyto Alba. Barcelona : Norma, 2022. 99 p. ISBN 9788467959352<\/p>\n<p><img loading=\"lazy\" decoding=\"async\" class=\"wp-image-103749 aligncenter\" src=\"https:\/\/museuciencies.cat\/wp-content\/uploads\/2023\/07\/rara-avis-portada-442x615.jpg\" alt=\"\" width=\"326\" height=\"454\" srcset=\"https:\/\/museuciencies.cat\/wp-content\/uploads\/2023\/07\/rara-avis-portada-442x615.jpg 442w, https:\/\/museuciencies.cat\/wp-content\/uploads\/2023\/07\/rara-avis-portada.jpg 601w\" sizes=\"auto, (max-width: 326px) 100vw, 326px\" \/><\/p>\n<p>\u201cQuien observa conoce, quien conoce ama, quien ama protege\u201d. Esta es la m\u00e1xima del cient\u00edfico autodidacta <strong>Jordi Sabater Pi<\/strong> (1922-2009), el protagonista del libro que os recomendamos.<\/p>\n<p>Los autores han optado por el formato de c\u00f3mic para ilustrar la extraordinaria vida y obra de este naturalista que se form\u00f3 como <strong>et\u00f3logo, primat\u00f3logo y etn\u00f3logo en la Guinea Ecuatorial<\/strong>.<\/p>\n<p>&nbsp;<\/p>\n\n\t\t<style type=\"text\/css\">\n\t\t\t#gallery-1 {\n\t\t\t\tmargin: auto;\n\t\t\t}\n\t\t\t#gallery-1 .gallery-item {\n\t\t\t\tfloat: left;\n\t\t\t\tmargin-top: 10px;\n\t\t\t\ttext-align: center;\n\t\t\t\twidth: 50%;\n\t\t\t}\n\t\t\t#gallery-1 img {\n\t\t\t\tborder: 2px solid #cfcfcf;\n\t\t\t}\n\t\t\t#gallery-1 .gallery-caption {\n\t\t\t\tmargin-left: 0;\n\t\t\t}\n\t\t\t\/* see gallery_shortcode() in wp-includes\/media.php *\/\n\t\t<\/style>\n\t\t<div data-carousel-extra='{\"blog_id\":1,\"permalink\":\"https:\\\/\\\/museuciencies.cat\\\/es\\\/rara-avis-la-insolita-vida-de-jordi-sabater-pi\\\/\"}' id='gallery-1' class='gallery galleryid-103771 gallery-columns-2 gallery-size-thumbnail'><dl class='gallery-item'>\n\t\t\t<dt class='gallery-icon portrait'>\n\t\t\t\t<a href='https:\/\/museuciencies.cat\/es\/rara-avis-la-insolita-vida-de-jordi-sabater-pi\/rara-avis-interior-2-2\/'><img loading=\"lazy\" decoding=\"async\" width=\"360\" height=\"360\" src=\"https:\/\/museuciencies.cat\/wp-content\/uploads\/2023\/07\/rara-avis-interior-2-360x360.jpg\" class=\"attachment-thumbnail size-thumbnail\" alt=\"\" srcset=\"https:\/\/museuciencies.cat\/wp-content\/uploads\/2023\/07\/rara-avis-interior-2-360x360.jpg 360w, https:\/\/museuciencies.cat\/wp-content\/uploads\/2023\/07\/rara-avis-interior-2-414x414.jpg 414w\" sizes=\"auto, (max-width: 360px) 100vw, 360px\" data-attachment-id=\"103760\" data-permalink=\"https:\/\/museuciencies.cat\/es\/rara-avis-la-insolita-vida-de-jordi-sabater-pi\/rara-avis-interior-2-2\/\" data-orig-file=\"https:\/\/museuciencies.cat\/wp-content\/uploads\/2023\/07\/rara-avis-interior-2.jpg\" data-orig-size=\"600,839\" data-comments-opened=\"0\" data-image-meta=\"{&quot;aperture&quot;:&quot;0&quot;,&quot;credit&quot;:&quot;&quot;,&quot;camera&quot;:&quot;&quot;,&quot;caption&quot;:&quot;&quot;,&quot;created_timestamp&quot;:&quot;0&quot;,&quot;copyright&quot;:&quot;&quot;,&quot;focal_length&quot;:&quot;0&quot;,&quot;iso&quot;:&quot;0&quot;,&quot;shutter_speed&quot;:&quot;0&quot;,&quot;title&quot;:&quot;&quot;,&quot;orientation&quot;:&quot;0&quot;}\" data-image-title=\"rara-avis-interior-2\" data-image-description=\"\" data-image-caption=\"\" data-medium-file=\"https:\/\/museuciencies.cat\/wp-content\/uploads\/2023\/07\/rara-avis-interior-2-440x615.jpg\" data-large-file=\"https:\/\/museuciencies.cat\/wp-content\/uploads\/2023\/07\/rara-avis-interior-2.jpg\" \/><\/a>\n\t\t\t<\/dt><\/dl><dl class='gallery-item'>\n\t\t\t<dt class='gallery-icon portrait'>\n\t\t\t\t<a href='https:\/\/museuciencies.cat\/es\/rara-avis-la-insolita-vida-de-jordi-sabater-pi\/rara-avis-interior-2\/'><img loading=\"lazy\" decoding=\"async\" width=\"360\" height=\"360\" src=\"https:\/\/museuciencies.cat\/wp-content\/uploads\/2023\/07\/rara-avis-interior-360x360.jpg\" class=\"attachment-thumbnail size-thumbnail\" alt=\"\" srcset=\"https:\/\/museuciencies.cat\/wp-content\/uploads\/2023\/07\/rara-avis-interior-360x360.jpg 360w, https:\/\/museuciencies.cat\/wp-content\/uploads\/2023\/07\/rara-avis-interior-414x414.jpg 414w\" sizes=\"auto, (max-width: 360px) 100vw, 360px\" data-attachment-id=\"103756\" data-permalink=\"https:\/\/museuciencies.cat\/es\/rara-avis-la-insolita-vida-de-jordi-sabater-pi\/rara-avis-interior-2\/\" data-orig-file=\"https:\/\/museuciencies.cat\/wp-content\/uploads\/2023\/07\/rara-avis-interior.jpg\" data-orig-size=\"584,823\" data-comments-opened=\"0\" data-image-meta=\"{&quot;aperture&quot;:&quot;0&quot;,&quot;credit&quot;:&quot;&quot;,&quot;camera&quot;:&quot;&quot;,&quot;caption&quot;:&quot;&quot;,&quot;created_timestamp&quot;:&quot;0&quot;,&quot;copyright&quot;:&quot;&quot;,&quot;focal_length&quot;:&quot;0&quot;,&quot;iso&quot;:&quot;0&quot;,&quot;shutter_speed&quot;:&quot;0&quot;,&quot;title&quot;:&quot;&quot;,&quot;orientation&quot;:&quot;0&quot;}\" data-image-title=\"rara-avis-interior\" data-image-description=\"\" data-image-caption=\"\" data-medium-file=\"https:\/\/museuciencies.cat\/wp-content\/uploads\/2023\/07\/rara-avis-interior-436x615.jpg\" data-large-file=\"https:\/\/museuciencies.cat\/wp-content\/uploads\/2023\/07\/rara-avis-interior.jpg\" \/><\/a>\n\t\t\t<\/dt><\/dl><br style=\"clear: both\" \/>\n\t\t<\/div>\n\n<p>&nbsp;<\/p>\n<p>Si bien se le conoce popularmente por ser el descubridor del gorila albino <strong>Floquet de Neu<\/strong>, s\u00edmbolo emblem\u00e1tico del <strong>Zoo de Barcelona<\/strong>, su investigaci\u00f3n fue m\u00e1s all\u00e1 del estudio de los primates en estado natural, abarcando especies africanas de anfibios y aves.<\/p>\n<p>El principal atractivo de este libro es que con breves pinceladas consigue acercarnos a la figura del personaje. Para quien quiera m\u00e1s, el Centro de Documentaci\u00f3n dispone tambi\u00e9n de otros\u00a0libros y materiales de y sobre Jordi Sabater Pi.<\/p>\n","protected":false},"excerpt":{"rendered":"<p>Rara avis : la ins\u00f2lita vida de Jordi Sabater Pi \/ Ra\u00fal Deamo, Tyto Alba. Barcelona : Norma, 2022. 99 p. ISBN 9788467959352 \u201cQuien observa conoce, quien conoce ama, quien ama protege\u201d. Esta es la m\u00e1xima del cient\u00edfico autodidacta Jordi Sabater Pi (1922-2009), el protagonista del libro que os recomendamos. Los autores han optado por [&hellip;]<\/p>\n","protected":false},"author":3,"featured_media":0,"comment_status":"closed","ping_status":"closed","sticky":false,"template":"","format":"standard","meta":{"_acf_changed":false,"_jetpack_memberships_contains_paid_content":false,"footnotes":""},"categories":[3358],"tags":[3609,3610,3611,3612],"class_list":["post-103771","post","type-post","status-publish","format-standard","hentry","category-el-llibre-del-mes-es","tag-floquet-de-neu-es","tag-jordi-sabater-pi-es","tag-libre-del-mes-es","tag-zoo-barcelona-es"],"acf":{"presenta_fills":"no","arxius_adjunts":false,"links_associats":false,"imatge_llistat":false,"nou_carrusel":false,"boto_de_link_o_mail":false,"presenta_peu":false,"img_cap":103761,"tambe_us_pot_interessar":"","segona_part":"","publicar_al_quiosc":true,"presentacio_socials":[],"destacat_portada":false,"text_alerta":"","activeu_alerta":false},"jetpack_featured_media_url":"","jetpack_sharing_enabled":true,"_links":{"self":[{"href":"https:\/\/museuciencies.cat\/es\/wp-json\/wp\/v2\/posts\/103771","targetHints":{"allow":["GET"]}}],"collection":[{"href":"https:\/\/museuciencies.cat\/es\/wp-json\/wp\/v2\/posts"}],"about":[{"href":"https:\/\/museuciencies.cat\/es\/wp-json\/wp\/v2\/types\/post"}],"author":[{"embeddable":true,"href":"https:\/\/museuciencies.cat\/es\/wp-json\/wp\/v2\/users\/3"}],"replies":[{"embeddable":true,"href":"https:\/\/museuciencies.cat\/es\/wp-json\/wp\/v2\/comments?post=103771"}],"version-history":[{"count":0,"href":"https:\/\/museuciencies.cat\/es\/wp-json\/wp\/v2\/posts\/103771\/revisions"}],"wp:attachment":[{"href":"https:\/\/museuciencies.cat\/es\/wp-json\/wp\/v2\/media?parent=103771"}],"wp:term":[{"taxonomy":"category","embeddable":true,"href":"https:\/\/museuciencies.cat\/es\/wp-json\/wp\/v2\/categories?post=103771"},{"taxonomy":"post_tag","embeddable":true,"href":"https:\/\/museuciencies.cat\/es\/wp-json\/wp\/v2\/tags?post=103771"}],"curies":[{"name":"wp","href":"https:\/\/api.w.org\/{rel}","templated":true}]}}