{"id":103436,"date":"2023-06-27T09:27:56","date_gmt":"2023-06-27T07:27:56","guid":{"rendered":"https:\/\/museuciencies.cat\/blau-52\/"},"modified":"2023-06-30T10:44:39","modified_gmt":"2023-06-30T08:44:39","slug":"blau-52","status":"publish","type":"post","link":"https:\/\/museuciencies.cat\/es\/blau-52\/","title":{"rendered":"Blau 52"},"content":{"rendered":"<p>Blau 52 \/ Gemma Capdevila Vinaja. Barcelona: Cosset\u00e0nia, 2022. [26] p. ISBN 9788413561783<\/p>\n<p><img loading=\"lazy\" decoding=\"async\" class=\"wp-image-103374 aligncenter\" src=\"https:\/\/museuciencies.cat\/wp-content\/uploads\/2023\/06\/BLAU52-550x615.webp\" alt=\"\" width=\"230\" height=\"257\" srcset=\"https:\/\/museuciencies.cat\/wp-content\/uploads\/2023\/06\/BLAU52-550x615.webp 550w, https:\/\/museuciencies.cat\/wp-content\/uploads\/2023\/06\/BLAU52.webp 600w\" sizes=\"auto, (max-width: 230px) 100vw, 230px\" \/><\/p>\n<p>&nbsp;<\/p>\n<p>Este libro, destinado a ni\u00f1os y ni\u00f1as de 6 a 10 a\u00f1os y dise\u00f1ado en vertical y a doble p\u00e1gina, est\u00e1 basado en un hecho real.<\/p>\n<p>Habla de una ballena azul que viaja sola por el oc\u00e9ano Pac\u00edfico. Sus compa\u00f1eras nadan en grupos, comunic\u00e1ndose a trav\u00e9s de los cantos que emiten, pero nuestra protagonista no la pueden escuchar porque canta a una frecuencia m\u00e1s alta: 52 hercios. Es por eso que la comunidad cient\u00edfica la ha bautizado como \u201cBallena 52\u201d, aunque tambi\u00e9n se la conoce como \u201cballena solitaria\u201d. Cada a\u00f1o se le hace el seguimiento, pero nadie la ha podido ver todav\u00eda.<\/p>\n<p>Sin embargo, la autora del texto e ilustraciones, con un lenguaje exquisitamente po\u00e9tico, tiene el acierto de dotar a esta historia de un final esperanzador.<\/p>\n<p>Lo encontrar\u00e9is disponible para consulta y pr\u00e9stamo en la <a href=\"https:\/\/museuciencies.cat\/es\/area-cientifica\/centro-de-documentacion\/presentacion\/mediateca\/\" target=\"_blank\" rel=\"noopener\">Mediateca<\/a> del Museo.<\/p>\n","protected":false},"excerpt":{"rendered":"<p>Blau 52 \/ Gemma Capdevila Vinaja. Barcelona: Cosset\u00e0nia, 2022. [26] p. ISBN 9788413561783 &nbsp; Este libro, destinado a ni\u00f1os y ni\u00f1as de 6 a 10 a\u00f1os y dise\u00f1ado en vertical y a doble p\u00e1gina, est\u00e1 basado en un hecho real. Habla de una ballena azul que viaja sola por el oc\u00e9ano Pac\u00edfico. Sus compa\u00f1eras nadan [&hellip;]<\/p>\n","protected":false},"author":3,"featured_media":0,"comment_status":"closed","ping_status":"closed","sticky":false,"template":"","format":"standard","meta":{"_acf_changed":false,"_jetpack_memberships_contains_paid_content":false,"footnotes":""},"categories":[3358],"tags":[3600,3601,3602,3360],"class_list":["post-103436","post","type-post","status-publish","format-standard","hentry","category-el-llibre-del-mes-es","tag-balena-blava-es","tag-blau52-es","tag-infants-es","tag-llibre-del-mes-es"],"acf":{"nou_carrusel":false,"imatge_llistat":false,"presenta_peu":false,"tambe_us_pot_interessar":"","img_cap":103378,"segona_part":"","publicar_al_quiosc":true,"presentacio_socials":[],"destacat_portada":true,"activeu_alerta":false,"text_alerta":"","presenta_fills":"no","links_associats":false,"arxius_adjunts":false,"boto_de_link_o_mail":false},"jetpack_featured_media_url":"","jetpack_sharing_enabled":true,"_links":{"self":[{"href":"https:\/\/museuciencies.cat\/es\/wp-json\/wp\/v2\/posts\/103436","targetHints":{"allow":["GET"]}}],"collection":[{"href":"https:\/\/museuciencies.cat\/es\/wp-json\/wp\/v2\/posts"}],"about":[{"href":"https:\/\/museuciencies.cat\/es\/wp-json\/wp\/v2\/types\/post"}],"author":[{"embeddable":true,"href":"https:\/\/museuciencies.cat\/es\/wp-json\/wp\/v2\/users\/3"}],"replies":[{"embeddable":true,"href":"https:\/\/museuciencies.cat\/es\/wp-json\/wp\/v2\/comments?post=103436"}],"version-history":[{"count":0,"href":"https:\/\/museuciencies.cat\/es\/wp-json\/wp\/v2\/posts\/103436\/revisions"}],"wp:attachment":[{"href":"https:\/\/museuciencies.cat\/es\/wp-json\/wp\/v2\/media?parent=103436"}],"wp:term":[{"taxonomy":"category","embeddable":true,"href":"https:\/\/museuciencies.cat\/es\/wp-json\/wp\/v2\/categories?post=103436"},{"taxonomy":"post_tag","embeddable":true,"href":"https:\/\/museuciencies.cat\/es\/wp-json\/wp\/v2\/tags?post=103436"}],"curies":[{"name":"wp","href":"https:\/\/api.w.org\/{rel}","templated":true}]}}