{"id":101000,"date":"2023-04-05T13:01:42","date_gmt":"2023-04-05T11:01:42","guid":{"rendered":"https:\/\/museuciencies.cat\/abellaita\/"},"modified":"2023-04-05T15:48:38","modified_gmt":"2023-04-05T13:48:38","slug":"abellaita","status":"publish","type":"post","link":"https:\/\/museuciencies.cat\/es\/abellaita\/","title":{"rendered":"Abellaita"},"content":{"rendered":"<p>Continuamos con los ejemplares <strong>#Tipo<\/strong> del Museo:<\/p>\n<p>La<strong> abellaita es la primera nueva especie mineral descubierta en Catalu\u00f1a<\/strong>. Las primeras muestras se encontraron en el 2010 en la mina Eureka (Castillo-Esta\u00f3n, La Torre de Cabdella, Lleida) y fue aprobada como nuevo mineral en 2015 por la <a href=\"https:\/\/www.mindat.org\/min-47008.html\" target=\"_blank\" rel=\"noopener\">International Mineralogical Association (IMA).<\/a><\/p>\n<p><img loading=\"lazy\" decoding=\"async\" class=\"aligncenter size-medium wp-image-40918\" src=\"http:\/\/museuciencies.cat\/wp-content\/uploads\/2017\/04\/abellaitavitrina-461x615.jpg\" alt=\"\" width=\"461\" height=\"615\" srcset=\"https:\/\/museuciencies.cat\/wp-content\/uploads\/2017\/04\/abellaitavitrina-461x615.jpg 461w, https:\/\/museuciencies.cat\/wp-content\/uploads\/2017\/04\/abellaitavitrina-768x1024.jpg 768w, https:\/\/museuciencies.cat\/wp-content\/uploads\/2017\/04\/abellaitavitrina.jpg 1512w\" sizes=\"auto, (max-width: 461px) 100vw, 461px\" \/><\/p>\n<p>Recibe el nombre en honor a su descubridor, el mineralogista y gem\u00f3logo Joan Abella i Creus (Sabadell, 1968). La caracterizaci\u00f3n del mineral fue realizada por un grupo interdisciplinar de investigadores catalanes liderados por el Dr. Jordi Ib\u00e1\u00f1ez Insa del Instituto de Ciencias de la Tierra Jaume Almera (ICTJA-CSIC).<\/p>\n<p>La abellaita es un carbonato b\u00e1sico de sodio y plomo &#8211; NaPb2(CO3)2(OH) &#8211; incoloro y que forma cristales laminares microsc\u00f3picos (&lt;0,03 mm), hexagonales y con un intenso brillo nacarado. Precipita en las paredes de la mina Eureka a partir de las aguas mete\u00f3ricas y puede formarse en un intervalo de tiempo extremadamente corto a escala geol\u00f3gica, inferior a 40 a\u00f1os.<\/p>\n<p>El <strong>ejemplar tipo<\/strong> con el que se defini\u00f3 la especie forma parte de la colecci\u00f3n de mineralog\u00eda del Museo y tiene el n\u00famero de registro \u00ab<strong>MGB-26350<\/strong>\u00ab. Se puede ver en la exposici\u00f3n permanente del Museo en el Parc del F\u00f2rum.<\/p>\n<div id=\"attachment_40911\" style=\"width: 370px\" class=\"wp-caption aligncenter\"><img loading=\"lazy\" decoding=\"async\" aria-describedby=\"caption-attachment-40911\" class=\"wp-image-40911 size-thumbnail\" src=\"http:\/\/museuciencies.cat\/wp-content\/uploads\/2017\/04\/2_abellaita_Microscopi_electronic-360x360.jpg\" alt=\"\" width=\"360\" height=\"360\" \/><p id=\"caption-attachment-40911\" class=\"wp-caption-text\">Cristalls hexagonals d\u2019abella\u00efta. Imatge de microscopi electr\u00f2nic de rastreig. \u00a9 Jordi Ib\u00e1\u00f1ez<\/p><\/div>\n<p>M\u00e1s informaci\u00f3n:<a href=\"https:\/\/blog.museuciencies.cat\/2016\/04\/abellaita-la-1a-especie-mineral-descrita-a-catalunya\/\"> https:\/\/blog.museuciencies.cat\/2016\/04\/abellaita-la-1a-especie-mineral-descrita-a-catalunya\/<\/a><\/p>\n","protected":false},"excerpt":{"rendered":"<p>Continuamos con los ejemplares #Tipo del Museo: La abellaita es la primera nueva especie mineral descubierta en Catalu\u00f1a. Las primeras muestras se encontraron en el 2010 en la mina Eureka (Castillo-Esta\u00f3n, La Torre de Cabdella, Lleida) y fue aprobada como nuevo mineral en 2015 por la International Mineralogical Association (IMA). Recibe el nombre en honor [&hellip;]<\/p>\n","protected":false},"author":2,"featured_media":0,"comment_status":"closed","ping_status":"closed","sticky":false,"template":"","format":"standard","meta":{"_acf_changed":false,"_jetpack_memberships_contains_paid_content":false,"footnotes":""},"categories":[3538],"tags":[],"class_list":["post-101000","post","type-post","status-publish","format-standard","hentry","category-tipus-mcnb-es"],"acf":{"destacat_portada":true,"presentacio_socials":[],"publicar_al_quiosc":true,"segona_part":"","tambe_us_pot_interessar":"","img_cap":40925,"presenta_peu":false,"imatge_llistat":false,"nou_carrusel":false,"boto_de_link_o_mail":false,"arxius_adjunts":false,"links_associats":false,"presenta_fills":"no","activeu_alerta":false,"text_alerta":""},"jetpack_featured_media_url":"","jetpack_sharing_enabled":true,"_links":{"self":[{"href":"https:\/\/museuciencies.cat\/es\/wp-json\/wp\/v2\/posts\/101000","targetHints":{"allow":["GET"]}}],"collection":[{"href":"https:\/\/museuciencies.cat\/es\/wp-json\/wp\/v2\/posts"}],"about":[{"href":"https:\/\/museuciencies.cat\/es\/wp-json\/wp\/v2\/types\/post"}],"author":[{"embeddable":true,"href":"https:\/\/museuciencies.cat\/es\/wp-json\/wp\/v2\/users\/2"}],"replies":[{"embeddable":true,"href":"https:\/\/museuciencies.cat\/es\/wp-json\/wp\/v2\/comments?post=101000"}],"version-history":[{"count":0,"href":"https:\/\/museuciencies.cat\/es\/wp-json\/wp\/v2\/posts\/101000\/revisions"}],"wp:attachment":[{"href":"https:\/\/museuciencies.cat\/es\/wp-json\/wp\/v2\/media?parent=101000"}],"wp:term":[{"taxonomy":"category","embeddable":true,"href":"https:\/\/museuciencies.cat\/es\/wp-json\/wp\/v2\/categories?post=101000"},{"taxonomy":"post_tag","embeddable":true,"href":"https:\/\/museuciencies.cat\/es\/wp-json\/wp\/v2\/tags?post=101000"}],"curies":[{"name":"wp","href":"https:\/\/api.w.org\/{rel}","templated":true}]}}