{"id":131009,"date":"2026-08-19T12:45:22","date_gmt":"2026-08-19T10:45:22","guid":{"rendered":"https:\/\/museuciencies.cat\/el-museu-participa-en-el-projecte-europeu-costaflora-per-protegir-la-flora-amenacada-del-litoral-catalano-occita\/"},"modified":"2026-08-19T13:23:19","modified_gmt":"2026-08-19T11:23:19","slug":"el-museu-participa-en-el-projecte-europeu-costaflora-per-protegir-la-flora-amenacada-del-litoral-catalano-occita","status":"publish","type":"post","link":"https:\/\/museuciencies.cat\/en\/el-museu-participa-en-el-projecte-europeu-costaflora-per-protegir-la-flora-amenacada-del-litoral-catalano-occita\/","title":{"rendered":"The Museum joins the European CostaFlora project to protect threatened flora along the Catalan-Occitan coastline"},"content":{"rendered":"<p>The Museu de Ci\u00e8ncies Naturals de Barcelona is joining the international <strong><em>CostaFlora<\/em><\/strong> project, an initiative funded by the <strong>European Interreg POCTEFA<\/strong> programme that aims to improve knowledge and conservation of the most threatened plant species found in the dunes and cliffs of the Catalan-Occitan coastline in the face of climate change, human pressure and the spread of invasive species. With a total budget of \u20ac953,349.85, including \u20ac619,677.38 from the European Regional Development Fund (ERDF), the initiative will run for 36 months, until April 2029.<\/p>\n<p>Researchers Neus Ib\u00e1\u00f1ez and Neus Nualart, curators of the <a href=\"https:\/\/museuciencies.cat\/en\/science\/collections\/botanical-collections\/herbarium\/\" target=\"_blank\" rel=\"noopener\">Herbarium<\/a>, will lead the Museum&#8217;s contribution to the project, which is coordinated by the <a href=\"https:\/\/www.univ-perp.fr\/cat\" target=\"_blank\" rel=\"noopener\">Universit\u00e9 Perpignan Via Domitia (UPVD)<\/a> and also brings together the <a href=\"https:\/\/www.reserves-naturelles-catalanes.org\/\" target=\"_blank\" rel=\"noopener\">F\u00e9d\u00e9ration des r\u00e9serves naturelles catalanes (FRNC)<\/a>,, the <a href=\"https:\/\/web.ub.edu\/ca\" target=\"_blank\" rel=\"noopener\">Universitat de Barcelona (UB<\/a> and the <a href=\"https:\/\/www.creaf.cat\/ca\" target=\"_blank\" rel=\"noopener\">Centre de Recerca Ecol\u00f2gica i Aplicacions Forestals (CREAF)<\/a>.. The initiative unites research institutions and public authorities on both sides of the border to develop shared strategies for protecting the most vulnerable coastal habitats.<\/p>\n<p>The Museum&#8217;s work will focus on three main areas. First, it will promote citizen science and public engagement activities to raise awareness of the ecological value of dunes and cliffs and of the need to protect the species that inhabit them. It will also contribute to the control and removal of invasive alien species, one of the main threats to coastal flora.<\/p>\n<p>Finally, the Museum team will contribute to the genomic study of <em>Stachys maritima<\/em>, one of Catalonia&#8217;s most threatened dune plants, with the aim of generating knowledge to guide future strategies for strengthening and conserving its populations. This work will be complemented by the conservation of seeds from threatened species in the Museum&#8217;s germplasm bank, coordinated by M\u00edriam Aixart, helping to preserve their genetic diversity and support long-term conservation efforts.<\/p>\n<div style=\"width: 260px\" class=\"wp-caption aligncenter\"><a title=\"Fagus, CC BY-SA 4.0 &lt;https:\/\/creativecommons.org\/licenses\/by-sa\/4.0&gt;, via Wikimedia Commons\" href=\"https:\/\/commons.wikimedia.org\/wiki\/File:Stachys_maritima-tr.jpg\"><img loading=\"lazy\" decoding=\"async\" src=\"https:\/\/upload.wikimedia.org\/wikipedia\/commons\/thumb\/1\/12\/Stachys_maritima-tr.jpg\/250px-Stachys_maritima-tr.jpg?utm_source=commons.wikimedia.org&amp;utm_campaign=index&amp;utm_content=thumbnail\" alt=\" Stachys maritima-tr\" width=\"250\" height=\"333\" \/><\/a><p class=\"wp-caption-text\"><i>Stachys maritima<\/i>. Fagus, CC BY-SA 4.0<\/p><\/div>\n<p>\u201cCostaFlora builds on the work carried out through the <a href=\"https:\/\/lifemedcliffs.org\/\">LIFE medCLIFFS project<\/a>, which focused on conserving the cliff flora of the Costa Brava, while expanding its scope to the entire Catalan-Occitan coastline. This cross-border dimension allows us to share knowledge and methodologies to protect species and habitats that do not recognise administrative boundaries,\u201d explains Neus Ib\u00e1\u00f1ez.<\/p>\n<p>According to Neus Nualart, \u201cthe combination of genomic research, land management and citizen participation is one of the project&#8217;s greatest strengths. Flora conservation will only be effective if it is supported by sound scientific knowledge and by a society that appreciates the value of these highly fragile habitats.\u201d<\/p>\n<p>The Museum&#8217;s participation in CostaFlora reinforces its commitment to Mediterranean biodiversity and builds on its long-standing expertise in research supporting plant conservation, with a particular focus on threatened species, invasive alien species and the impacts of climate change on coastal ecosystems.<\/p>\n<p>&nbsp;<\/p>\n<p>CostaFlora is co-funded (65%) by the European Union through the Interreg VI-A Spain-France-Andorra Programme (POCTEFA 2021\u20132027). POCTEFA aims to strengthen the economic and social integration of the Spain-France-Andorra border region.<\/p>\n<p><img loading=\"lazy\" decoding=\"async\" class=\"aligncenter size-full wp-image-130976\" src=\"https:\/\/museuciencies.cat\/wp-content\/uploads\/2026\/08\/logoprojecteeuropeuCostaflora.jpg\" alt=\"\" width=\"486\" height=\"234\" \/><\/p>\n","protected":false},"excerpt":{"rendered":"<p>The Museu de Ci\u00e8ncies Naturals de Barcelona is joining the international CostaFlora project, an initiative funded by the European Interreg POCTEFA programme that aims to improve knowledge and conservation of the most threatened plant species found in the dunes and cliffs of the Catalan-Occitan coastline in the face of climate change, human pressure and the [&hellip;]<\/p>\n","protected":false},"author":2,"featured_media":0,"comment_status":"closed","ping_status":"closed","sticky":false,"template":"","format":"standard","meta":{"_acf_changed":false,"_jetpack_memberships_contains_paid_content":false,"footnotes":""},"categories":[3604],"tags":[],"class_list":["post-131009","post","type-post","status-publish","format-standard","hentry","category-recerca-en"],"acf":{"destacat_portada":true,"presentacio_socials":[],"tambe_us_pot_interessar":"","img_cap":130992,"presenta_peu":false,"imatge_llistat":false,"nou_carrusel":false,"boto_de_link_o_mail":false,"arxius_adjunts":false,"links_associats":false,"presenta_fills":"no","publicar_al_quiosc":true,"activeu_alerta":false,"text_alerta":"","segona_part":""},"jetpack_featured_media_url":"","jetpack_sharing_enabled":true,"_links":{"self":[{"href":"https:\/\/museuciencies.cat\/en\/wp-json\/wp\/v2\/posts\/131009","targetHints":{"allow":["GET"]}}],"collection":[{"href":"https:\/\/museuciencies.cat\/en\/wp-json\/wp\/v2\/posts"}],"about":[{"href":"https:\/\/museuciencies.cat\/en\/wp-json\/wp\/v2\/types\/post"}],"author":[{"embeddable":true,"href":"https:\/\/museuciencies.cat\/en\/wp-json\/wp\/v2\/users\/2"}],"replies":[{"embeddable":true,"href":"https:\/\/museuciencies.cat\/en\/wp-json\/wp\/v2\/comments?post=131009"}],"version-history":[{"count":2,"href":"https:\/\/museuciencies.cat\/en\/wp-json\/wp\/v2\/posts\/131009\/revisions"}],"predecessor-version":[{"id":131011,"href":"https:\/\/museuciencies.cat\/en\/wp-json\/wp\/v2\/posts\/131009\/revisions\/131011"}],"wp:attachment":[{"href":"https:\/\/museuciencies.cat\/en\/wp-json\/wp\/v2\/media?parent=131009"}],"wp:term":[{"taxonomy":"category","embeddable":true,"href":"https:\/\/museuciencies.cat\/en\/wp-json\/wp\/v2\/categories?post=131009"},{"taxonomy":"post_tag","embeddable":true,"href":"https:\/\/museuciencies.cat\/en\/wp-json\/wp\/v2\/tags?post=131009"}],"curies":[{"name":"wp","href":"https:\/\/api.w.org\/{rel}","templated":true}]}}